{"id":330515,"date":"2025-08-20T01:09:24","date_gmt":"2025-08-20T01:09:24","guid":{"rendered":"https:\/\/www.europesays.com\/fr\/330515\/"},"modified":"2025-08-20T01:09:24","modified_gmt":"2025-08-20T01:09:24","slug":"lyon-en-tres-mauvaise-position-dans-ce-classement-qui-inquiete-pour-lavenir","status":"publish","type":"post","link":"https:\/\/www.europesays.com\/fr\/330515\/","title":{"rendered":"Lyon en tr\u00e8s mauvaise position dans ce classement qui inqui\u00e8te pour l&rsquo;avenir"},"content":{"rendered":"<p>            Par<br \/>\n        <strong><br \/>\n            <a href=\"https:\/\/actu.fr\/auteur\/emma-ressegaire\" title=\"Consulter tous les articles de Emma Ressegaire\" target=\"_blank\" rel=\"noopener\">Emma Ressegaire<\/a><br \/>\n        <\/strong><\/p>\n<p>        Publi\u00e9 le<\/p>\n<p>            19 ao\u00fbt 2025 \u00e0 14h37        <\/p>\n<p>La ville de <a href=\"https:\/\/actu.fr\/lyon\/\" target=\"_blank\" rel=\"noopener\">Lyon<\/a> tr\u00e8s mal class\u00e9e et c\u2019est inqui\u00e9tant pour l\u2019avenir\u2026<\/p>\n<p class=\" wall-content\">Ce lundi 18 ao\u00fbt, nos confr\u00e8res du <a href=\"https:\/\/www.leparisien.fr\/environnement\/climat\/ou-vivre-face-au-changement-climatique-notre-classement-exclusif-des-villes-francaises-les-plus-et-moins-menacees-18-08-2025-PYCK5FL7A5GM7FHEX2GS5WX4SE.php?ts=1755509923500\" target=\"_blank\" rel=\"noopener\">Parisien<\/a> ont publi\u00e9 un classement des villes fran\u00e7aises, de plus de 20 000 habitants, qui seront les moins touch\u00e9es par le r\u00e9chauffement climatique et celles o\u00f9 <strong>le quotidien deviendra, en \u00e9t\u00e9, irrespirable<\/strong>.<\/p>\n<p class=\" wall-content\">Pour cela, <strong>plusieurs crit\u00e8res li\u00e9s au changement climatique<\/strong>, r\u00e9unis par cat\u00e9gories, ont \u00e9t\u00e9 retenus : temp\u00e9ratures futures, nombre de jours de <a href=\"https:\/\/actu.fr\/auvergne-rhone-alpes\/lyon_69123\/lyon-c-est-normal-c-est-l-ete-des-meteorologues-repondent-a-ceux-qui-mettent-en-cause-la-canicule_63026002.html\" target=\"_blank\" rel=\"noopener\">canicule<\/a>, nombre de nuits tropicales, risques d\u2019inondations, de feux de for\u00eat ou encore de submersion marine\u2026<\/p>\n<p class=\" wall-content\">\u00ab\u00a0L\u2019analyse de ces donn\u00e9es permet d\u2019attribuer une note fixe \u00e0 chaque crit\u00e8re. La note est enfin pond\u00e9r\u00e9e par un coefficient qui d\u00e9termine le poids du crit\u00e8re dans le classement\u00a0\u00bb, pr\u00e9cisent nos confr\u00e8res.<\/p>\n<p>Lyon en bas du classement<\/p>\n<p class=\" wall-content\">Dans ce classement national, il faut quasiment <strong>aller tout en bas<\/strong> pour trouver <a href=\"https:\/\/actu.fr\/lyon\/\" target=\"_blank\" rel=\"noopener\">Lyon<\/a>. La capitale des Gaules se situe \u00e0 la 409e place, t\u00e9moignant une tr\u00e8s grande vuln\u00e9rabilit\u00e9 face aux fortes chaleurs attendues dans le futur. Les <strong>temp\u00e9ratures estivales extr\u00eames<\/strong> deviendront monnaie courante \u00e0 Lyon.<\/p>\n<p class=\" wall-content\">Les <strong>autres villes voisines<\/strong> ne sont gu\u00e8re mieux plac\u00e9es. <a href=\"https:\/\/actu.fr\/auvergne-rhone-alpes\/villeurbanne_69266\/villeurbanne-le-centre-ville-poursuit-sa-transformation-xxl-voici-les-prochaines-etapes_62916127.html\" target=\"_blank\" rel=\"noopener\">Villeurbanne<\/a> est \u00e0 la 403e place et Caluire-et-Cuire se trouve au 406e rang.\u00a0<\/p>\n<p class=\" wall-content\">En septembre 2024, R\u00e9seau action climat, association sp\u00e9cialis\u00e9e dans la lutte contre le d\u00e9r\u00e8glement climatique, avait dress\u00e9 un bilan actuel et \u00e9mis des hypoth\u00e8ses pour les ann\u00e9es 2040, 2050, 2100. Le constat \u00e9tait d\u00e9j\u00e0 sans appel : \u00ab\u00a0La <strong>r\u00e9gion Auvergne-Rh\u00f4ne-Alpes est l\u2019une des plus touch\u00e9es par la hausse des temp\u00e9ratures<\/strong>, surtout lors de la saison estivale : entre 1963 et 2022, on observe d\u00e9j\u00e0 un r\u00e9chauffement de <strong>+3,3 \u00b0C<\/strong> en moyenne en \u00e9t\u00e9.\u00a0\u00bb<\/p>\n<p>Votre r\u00e9gion, votre actu !<\/p>\n<p>Recevez chaque jour les infos qui comptent pour vous.<\/p>\n<p>\t<a href=\"https:\/\/actu.fr\/newsletter\" class=\"ac-btn ac-btn--corner ac-btn--medium ac-btn--blue800\" target=\"_blank\" rel=\"noopener\">S&rsquo;incrire<\/a><br \/>\nLes communes \u00e0 l\u2019est et au sud seront les plus impact\u00e9es<\/p>\n<p class=\" wall-content\">Plus globalement, le bilan est clair : <strong>aucune ville ne sera \u00e9pargn\u00e9e<\/strong> par le r\u00e9chauffement climatique mais certaines zones souffriront plus que d\u2019autres. C\u2019est au nord de la France que les villes seront les moins menac\u00e9es.<\/p>\n<p class=\" wall-content\">Contrairement aux communes situ\u00e9es \u00e0 l\u2019est et au sud, qui souffriront <strong>d\u2019une tr\u00e8s grande chaleur<\/strong>, comme l\u2019explique Agathe Drouin dans l\u2019article de nos confr\u00e8res du Parisien : \u00ab\u00a0la situation actuelle dans le Sud-Est y sera exacerb\u00e9e \u00e0 l\u2019avenir, tandis que le Sud-Ouest ressent davantage l\u2019influence oc\u00e9anique : vents d\u2019ouest et perturbations arrivant souvent par l\u2019Atlantique, qui temp\u00e8rent et apportent plus de fra\u00eecheur.\u00a0\u00bb<\/p>\n<p class=\" wall-content\">\n<p class=\" wall-content\">Toutefois, ce <strong>classement n\u2019est pas in\u00e9luctable<\/strong>. \u00ab\u00a0Les projections climatiques sont bas\u00e9es sur le sc\u00e9nario d\u2019une hausse de 4\u00b0C des temp\u00e9ratures moyennes en France par rapport \u00e0 l\u2019\u00e8re pr\u00e9industrielle. C\u2019est celui privil\u00e9gi\u00e9, sur la base des tendances pass\u00e9es\u00a0\u00bb, conclut le quotidien.\u00a0<\/p>\n<p class=\" wall-content\">Tout va donc d\u00e9pendre de l\u2019<strong>\u00e9volution du r\u00e9chauffement climatique<\/strong> et des actions mises en place sur ces prochaines ann\u00e9es.<\/p>\n<p class=\" wall-content\">Personnalisez votre actualit\u00e9 en ajoutant vos villes et m\u00e9dias en favori avec <a href=\"https:\/\/moncompte.actu.fr\" title=\"D\u00e9couvez Mon Actu\" rel=\"nofollow noopener\" data-trk=\"{&quot;cta&quot;:{&quot;action&quot;:&quot;https:\\\/\\\/moncompte.actu.fr&quot;,&quot;category&quot;:&quot;mon compte&quot;,&quot;from&quot;:&quot;article footer&quot;,&quot;name&quot;:&quot;Mon actu&quot;,&quot;type&quot;:&quot;cta&quot;}}\" target=\"_blank\">Mon Actu<\/a>.<\/p>\n","protected":false},"excerpt":{"rendered":"Par Emma Ressegaire Publi\u00e9 le 19 ao\u00fbt 2025 \u00e0 14h37 La ville de Lyon tr\u00e8s mal class\u00e9e et&hellip;\n","protected":false},"author":2,"featured_media":308879,"comment_status":"","ping_status":"","sticky":false,"template":"","format":"standard","meta":{"footnotes":""},"categories":[4],"tags":[11,6698,1129,1011,27,12,52,5140,25],"class_list":{"0":"post-330515","1":"post","2":"type-post","3":"status-publish","4":"format-standard","5":"has-post-thumbnail","7":"category-france","8":"tag-actualites","9":"tag-canicule","10":"tag-climat","11":"tag-fr","12":"tag-france","13":"tag-news","14":"tag-planete","15":"tag-rechauffement-climatique","16":"tag-republique-francaise"},"share_on_mastodon":{"url":"https:\/\/pubeurope.com\/@fr\/115058426758695989","error":""},"_links":{"self":[{"href":"https:\/\/www.europesays.com\/fr\/wp-json\/wp\/v2\/posts\/330515","targetHints":{"allow":["GET"]}}],"collection":[{"href":"https:\/\/www.europesays.com\/fr\/wp-json\/wp\/v2\/posts"}],"about":[{"href":"https:\/\/www.europesays.com\/fr\/wp-json\/wp\/v2\/types\/post"}],"author":[{"embeddable":true,"href":"https:\/\/www.europesays.com\/fr\/wp-json\/wp\/v2\/users\/2"}],"replies":[{"embeddable":true,"href":"https:\/\/www.europesays.com\/fr\/wp-json\/wp\/v2\/comments?post=330515"}],"version-history":[{"count":0,"href":"https:\/\/www.europesays.com\/fr\/wp-json\/wp\/v2\/posts\/330515\/revisions"}],"wp:featuredmedia":[{"embeddable":true,"href":"https:\/\/www.europesays.com\/fr\/wp-json\/wp\/v2\/media\/308879"}],"wp:attachment":[{"href":"https:\/\/www.europesays.com\/fr\/wp-json\/wp\/v2\/media?parent=330515"}],"wp:term":[{"taxonomy":"category","embeddable":true,"href":"https:\/\/www.europesays.com\/fr\/wp-json\/wp\/v2\/categories?post=330515"},{"taxonomy":"post_tag","embeddable":true,"href":"https:\/\/www.europesays.com\/fr\/wp-json\/wp\/v2\/tags?post=330515"}],"curies":[{"name":"wp","href":"https:\/\/api.w.org\/{rel}","templated":true}]}}