{"id":330518,"date":"2025-08-20T01:12:21","date_gmt":"2025-08-20T01:12:21","guid":{"rendered":"https:\/\/www.europesays.com\/fr\/330518\/"},"modified":"2025-08-20T01:12:21","modified_gmt":"2025-08-20T01:12:21","slug":"loire-rhone-56-km-de-cavale-folle-pour-un-chauffard-alcoolise","status":"publish","type":"post","link":"https:\/\/www.europesays.com\/fr\/330518\/","title":{"rendered":"Loire\/Rh\u00f4ne : 56 km de cavale folle pour un chauffard alcoolis\u00e9\u00a0"},"content":{"rendered":"<p>Une course-poursuite a eu lieu entre un chauffard et la police, lundi 18 ao\u00fbt. Elle a commenc\u00e9 dans le d\u00e9partement de la Loire, \u00e0 Saint-\u00c9tienne, et s&rsquo;est termin\u00e9e dans celui du Rh\u00f4ne, \u00e0 Irigny au sud de Lyon.<\/p>\n<p>Cette course-poursuite entre la <b>Loire <\/b>et le <b>Rh\u00f4ne <\/b>aurait pu avoir de graves cons\u00e9quences.<\/p>\n<p>Dans la nuit du dimanche 17 au lundi 18 ao\u00fbt, la brigade anticriminalit\u00e9 a tent\u00e9 de contr\u00f4ler le v\u00e9hicule d&rsquo;un homme vers 4h du matin \u00e0 <b>Saint-\u00c9tienne<\/b>, comme l&rsquo;indique\u00a0<a class=\"url\" href=\"https:\/\/c.leprogres.fr\/faits-divers-justice\/2025\/08\/19\/56-km-de-course-poursuite-entre-saint-etienne-et-le-rhone\" target=\"_blank\" rel=\"noopener\">Le Progr\u00e8s<\/a>.<\/p>\n<p>L&rsquo;automobiliste \u00e2g\u00e9 de <b>20 ans<\/b> a tent\u00e9 d&rsquo;\u00e9chapper au contr\u00f4le de sa voiture. Il s&rsquo;est alors engag\u00e9 dans une course-poursuite depuis la <b>RN88 <\/b>en direction de Lyon.\u00a0<\/p>\n<p>Elle s&rsquo;est ensuite poursuivie sur <b>l&rsquo;A47<\/b>.<\/p>\n<p>Le fugitif a pris des risques insens\u00e9s en atteignant la vitesse de <b>160 km\/h<\/b>.\u00a0<\/p>\n<p>Tout en \u00e9teignant ses phares en pleine nuit pour tenter d&rsquo;\u00e9chapper aux forces de l&rsquo;ordre.<\/p>\n<p>Fin de la course-poursuite entre la Loire et le Rh\u00f4ne \u00e0 Irigny<\/p>\n<p>C&rsquo;est au bout de 56 km que cette course-poursuite a pris fin dans une impasse de la commune d&rsquo;<b>Irigny<\/b> dans le Rh\u00f4ne, au sud de Lyon.<\/p>\n<p>Le jeune homme, originaire de la Vall\u00e9e du Gier, conduisait dangereusement avec <b>1,34 gramme d&rsquo;alcool <\/b>dans le sang.<\/p>\n<p>Il a \u00e9t\u00e9 plac\u00e9 en garde \u00e0 vue et sera prochainement pr\u00e9sent\u00e9 devant la justice. Son permis de conduire a \u00e9t\u00e9 suspendu sur le champs.<\/p>\n<p>Le fuyard \u00e9tait \u00e9galement accompagn\u00e9 d&rsquo;une femme dans sa voiture. Elle a \u00e9t\u00e9 retrouv\u00e9e en \u00e9tat de stress.<\/p>\n<p><img loading=\"lazy\" decoding=\"async\" src=\"https:\/\/www.europesays.com\/fr\/wp-content\/uploads\/2025\/08\/1755652341_778_img\" width=\"350\" height=\"200\" border=\"0\" title=\"Des policiers en intervention.\"\/><\/p>\n<p>\u25baFaits divers<\/p>\n<p style=\"font-size: 22px;\"><b>Saint-\u00c9tienne : \u00e0 15 ans, ils engagent une course-poursuite et blessent un policier<\/b><\/p>\n<p>Deux gar\u00e7ons de 15 ans ont \u00e9t\u00e9 interpell\u00e9s apr\u00e8s&#8230;<\/p>\n<p><\/p>\n","protected":false},"excerpt":{"rendered":"Une course-poursuite a eu lieu entre un chauffard et la police, lundi 18 ao\u00fbt. Elle a commenc\u00e9 dans&hellip;\n","protected":false},"author":2,"featured_media":144178,"comment_status":"","ping_status":"","sticky":false,"template":"","format":"standard","meta":{"footnotes":""},"categories":[9653],"tags":[1111,11,2430,1777,674,1011,27,26942,3367,2428,12,25,9844,9920,4001],"class_list":{"0":"post-330518","1":"post","2":"type-post","3":"status-publish","4":"format-standard","5":"has-post-thumbnail","7":"category-saint-etienne","8":"tag-actu","9":"tag-actualites","10":"tag-auvergne-rhone-alpes","11":"tag-eu","12":"tag-europe","13":"tag-fr","14":"tag-france","15":"tag-irigny","16":"tag-loire","17":"tag-lyon","18":"tag-news","19":"tag-republique-francaise","20":"tag-rhne","21":"tag-saint-tienne","22":"tag-saint-etienne"},"share_on_mastodon":{"url":"https:\/\/pubeurope.com\/@fr\/115058438510053598","error":""},"_links":{"self":[{"href":"https:\/\/www.europesays.com\/fr\/wp-json\/wp\/v2\/posts\/330518","targetHints":{"allow":["GET"]}}],"collection":[{"href":"https:\/\/www.europesays.com\/fr\/wp-json\/wp\/v2\/posts"}],"about":[{"href":"https:\/\/www.europesays.com\/fr\/wp-json\/wp\/v2\/types\/post"}],"author":[{"embeddable":true,"href":"https:\/\/www.europesays.com\/fr\/wp-json\/wp\/v2\/users\/2"}],"replies":[{"embeddable":true,"href":"https:\/\/www.europesays.com\/fr\/wp-json\/wp\/v2\/comments?post=330518"}],"version-history":[{"count":0,"href":"https:\/\/www.europesays.com\/fr\/wp-json\/wp\/v2\/posts\/330518\/revisions"}],"wp:featuredmedia":[{"embeddable":true,"href":"https:\/\/www.europesays.com\/fr\/wp-json\/wp\/v2\/media\/144178"}],"wp:attachment":[{"href":"https:\/\/www.europesays.com\/fr\/wp-json\/wp\/v2\/media?parent=330518"}],"wp:term":[{"taxonomy":"category","embeddable":true,"href":"https:\/\/www.europesays.com\/fr\/wp-json\/wp\/v2\/categories?post=330518"},{"taxonomy":"post_tag","embeddable":true,"href":"https:\/\/www.europesays.com\/fr\/wp-json\/wp\/v2\/tags?post=330518"}],"curies":[{"name":"wp","href":"https:\/\/api.w.org\/{rel}","templated":true}]}}