{"id":330519,"date":"2025-08-20T01:15:15","date_gmt":"2025-08-20T01:15:15","guid":{"rendered":"https:\/\/www.europesays.com\/fr\/330519\/"},"modified":"2025-08-20T01:15:15","modified_gmt":"2025-08-20T01:15:15","slug":"la-cascade-en-fete-pour-celebrer-la-transformation-du-plateau-de-haye","status":"publish","type":"post","link":"https:\/\/www.europesays.com\/fr\/330519\/","title":{"rendered":"\u201cLa Cascade en f\u00eate\u201d pour c\u00e9l\u00e9brer la transformation du Plateau de Haye"},"content":{"rendered":"<p>        <strong>Le centre commercial de La Cascade, situ\u00e9 \u00e0 cheval sur Laxou et Max\u00e9ville, s\u2019appr\u00eate \u00e0 vivre un moment festif. <\/strong><\/p>\n<p>\u00a0<\/p>\n<p>Depuis 2004, la M\u00e9tropole du Grand Nancy conduit l\u2019un des projets de r\u00e9novation urbaine les plus ambitieux de France, visant \u00e0 am\u00e9liorer la qualit\u00e9 de vie et \u00e0 renforcer l\u2019int\u00e9gration des quartiers dans l\u2019agglom\u00e9ration. Transports mieux connect\u00e9s, logements diversifi\u00e9s, commerces renforc\u00e9s, nouveaux services publics, espaces publics r\u00e9nov\u00e9s et davantage de nature en ville figurent parmi les axes de ce vaste programme.<\/p>\n<p>Le rendez-vous est fix\u00e9 au mardi 26 ao\u00fbt, de 14h \u00e0 19h, habitants et commer\u00e7ants sont invit\u00e9s \u00e0 participer \u00e0 \u201cLa Cascade en f\u00eate\u201d, un apr\u00e8s-midi convivial marqu\u00e9 par animations, concert et tombola, afin de c\u00e9l\u00e9brer les transformations du Plateau de Haye dans le cadre du Nouveau Projet de Renouvellement Urbain (NPNRU).<\/p>\n<p>L\u2019\u00e9v\u00e9nement, organis\u00e9 en partenariat avec les villes de Laxou et de Max\u00e9ville, l\u2019Agence nationale de coh\u00e9sion des territoires (ANCT) et l\u2019association des commer\u00e7ants, entend marquer une \u00e9tape importante dans la transformation du Plateau de Haye.<\/p>\n<p>Centre commercial La Cascade, mardi 26 ao\u00fbt 2025, de 14h \u00e0 19h. Acc\u00e8s libre.<\/p>\n<p>\u00a0<\/p>\n<p>\t\t\t\t\t\t<a href=\"https:\/\/www.pinterest.com\/pin\/create\/button\/\" data-pin-do=\"buttonBookmark\" data-pin-color=\"red\" rel=\"nofollow noopener\" target=\"_blank\"><img decoding=\"async\" src=\"https:\/\/www.europesays.com\/fr\/wp-content\/uploads\/2025\/04\/pinit_fg_en_rect_red_20.png\" alt=\"Pin It\"\/><\/a><\/p>\n","protected":false},"excerpt":{"rendered":"Le centre commercial de La Cascade, situ\u00e9 \u00e0 cheval sur Laxou et Max\u00e9ville, s\u2019appr\u00eate \u00e0 vivre un moment&hellip;\n","protected":false},"author":2,"featured_media":330520,"comment_status":"","ping_status":"","sticky":false,"template":"","format":"standard","meta":{"footnotes":""},"categories":[9635],"tags":[1111,11,1777,674,1011,27,775,1702,12,25],"class_list":{"0":"post-330519","1":"post","2":"type-post","3":"status-publish","4":"format-standard","5":"has-post-thumbnail","7":"category-nancy","8":"tag-actu","9":"tag-actualites","10":"tag-eu","11":"tag-europe","12":"tag-fr","13":"tag-france","14":"tag-grand-est","15":"tag-nancy","16":"tag-news","17":"tag-republique-francaise"},"share_on_mastodon":{"url":"https:\/\/pubeurope.com\/@fr\/115058450591779250","error":""},"_links":{"self":[{"href":"https:\/\/www.europesays.com\/fr\/wp-json\/wp\/v2\/posts\/330519","targetHints":{"allow":["GET"]}}],"collection":[{"href":"https:\/\/www.europesays.com\/fr\/wp-json\/wp\/v2\/posts"}],"about":[{"href":"https:\/\/www.europesays.com\/fr\/wp-json\/wp\/v2\/types\/post"}],"author":[{"embeddable":true,"href":"https:\/\/www.europesays.com\/fr\/wp-json\/wp\/v2\/users\/2"}],"replies":[{"embeddable":true,"href":"https:\/\/www.europesays.com\/fr\/wp-json\/wp\/v2\/comments?post=330519"}],"version-history":[{"count":0,"href":"https:\/\/www.europesays.com\/fr\/wp-json\/wp\/v2\/posts\/330519\/revisions"}],"wp:featuredmedia":[{"embeddable":true,"href":"https:\/\/www.europesays.com\/fr\/wp-json\/wp\/v2\/media\/330520"}],"wp:attachment":[{"href":"https:\/\/www.europesays.com\/fr\/wp-json\/wp\/v2\/media?parent=330519"}],"wp:term":[{"taxonomy":"category","embeddable":true,"href":"https:\/\/www.europesays.com\/fr\/wp-json\/wp\/v2\/categories?post=330519"},{"taxonomy":"post_tag","embeddable":true,"href":"https:\/\/www.europesays.com\/fr\/wp-json\/wp\/v2\/tags?post=330519"}],"curies":[{"name":"wp","href":"https:\/\/api.w.org\/{rel}","templated":true}]}}