{"id":330521,"date":"2025-08-20T01:16:12","date_gmt":"2025-08-20T01:16:12","guid":{"rendered":"https:\/\/www.europesays.com\/fr\/330521\/"},"modified":"2025-08-20T01:16:12","modified_gmt":"2025-08-20T01:16:12","slug":"les-rendez-vous-dart-et-dhistoire-mettent-a-lhonneur-le-patrimoine-du-territoire-a-la-garde","status":"publish","type":"post","link":"https:\/\/www.europesays.com\/fr\/330521\/","title":{"rendered":"Les rendez-vous d&rsquo;art et d&rsquo;histoire mettent \u00e0 l&rsquo;honneur le patrimoine du territoire \u00e0 La Garde"},"content":{"rendered":"<p>Initi\u00e9 par la<a href=\"https:\/\/www.laprovence.com\/article\/region\/2876549099256315\/la-communaute-de-communes-alpes-provence-verdon-renouvelle-son-engagement-alimentaire-territorial-pour-5-ans\" target=\"_blank\" rel=\"noopener\"> communaut\u00e9 des communes<\/a> Alpes Provence Verdon, les rendez vous d&rsquo;art et d&rsquo;histoire mettent a l&rsquo;honneur le patrimoine du territoire. Le samedi 23 aout de 15h30 \u00e0 18h30, \u00e0 <a href=\"https:\/\/www.laprovence.com\/var\/la-garde-83062\" target=\"_blank\" rel=\"noopener\">La Garde<\/a>, une conf\u00e9rence \u00ab\u00a0Retour sur 40 ans d&rsquo;enqu\u00eates orales\u00a0\u00bb sera anim\u00e9e par Jean Luc Domenge enseignant, chercheur et passionn\u00e9 du Pays de Castellane.<\/p>\n<p>Elle aura lieu dans le petit village de La Garde \u00e0 5 km de <a href=\"https:\/\/www.laprovence.com\/article\/sortie-loisirs\/92359373366319\/comment-le-petit-village-de-castellane-devient-la-capitale-touristique-de-lete-des-alpes-de-haute-provence\" target=\"_blank\" rel=\"noopener\">Castellane <\/a>sur la route Napol\u00e9on en direction de Grasse. Il animera ensuite un atelier \u00ab\u00a0les voix du pass\u00e9 de la Baume \u00e0 Eoulx les anciens nous racontent leur pays\u00a0\u00bb gr\u00e2ce \u00e0 l&rsquo;\u00e9coute d&rsquo;enregistrement sonore. Le rendez vous est fix\u00e9 sur la placette du terrain de boules.<\/p>\n","protected":false},"excerpt":{"rendered":"Initi\u00e9 par la communaut\u00e9 des communes Alpes Provence Verdon, les rendez vous d&rsquo;art et d&rsquo;histoire mettent a l&rsquo;honneur&hellip;\n","protected":false},"author":2,"featured_media":330522,"comment_status":"","ping_status":"","sticky":false,"template":"","format":"standard","meta":{"footnotes":""},"categories":[9619],"tags":[17,1111,11,44113,24071,1777,674,1011,27,3871,151,2831,6341,12,2551,882,12407,25,2310],"class_list":{"0":"post-330521","1":"post","2":"type-post","3":"status-publish","4":"format-standard","5":"has-post-thumbnail","7":"category-toulon","8":"tag-17","9":"tag-actu","10":"tag-actualites","11":"tag-dart","12":"tag-dhistoire","13":"tag-eu","14":"tag-europe","15":"tag-fr","16":"tag-france","17":"tag-lhonneur","18":"tag-les","19":"tag-loisirs-traditions","20":"tag-mettent","21":"tag-news","22":"tag-patrimoine","23":"tag-provence-alpes-cote-dazur","24":"tag-rendez-vous","25":"tag-republique-francaise","26":"tag-toulon"},"share_on_mastodon":{"url":"https:\/\/pubeurope.com\/@fr\/115058454219391475","error":""},"_links":{"self":[{"href":"https:\/\/www.europesays.com\/fr\/wp-json\/wp\/v2\/posts\/330521","targetHints":{"allow":["GET"]}}],"collection":[{"href":"https:\/\/www.europesays.com\/fr\/wp-json\/wp\/v2\/posts"}],"about":[{"href":"https:\/\/www.europesays.com\/fr\/wp-json\/wp\/v2\/types\/post"}],"author":[{"embeddable":true,"href":"https:\/\/www.europesays.com\/fr\/wp-json\/wp\/v2\/users\/2"}],"replies":[{"embeddable":true,"href":"https:\/\/www.europesays.com\/fr\/wp-json\/wp\/v2\/comments?post=330521"}],"version-history":[{"count":0,"href":"https:\/\/www.europesays.com\/fr\/wp-json\/wp\/v2\/posts\/330521\/revisions"}],"wp:featuredmedia":[{"embeddable":true,"href":"https:\/\/www.europesays.com\/fr\/wp-json\/wp\/v2\/media\/330522"}],"wp:attachment":[{"href":"https:\/\/www.europesays.com\/fr\/wp-json\/wp\/v2\/media?parent=330521"}],"wp:term":[{"taxonomy":"category","embeddable":true,"href":"https:\/\/www.europesays.com\/fr\/wp-json\/wp\/v2\/categories?post=330521"},{"taxonomy":"post_tag","embeddable":true,"href":"https:\/\/www.europesays.com\/fr\/wp-json\/wp\/v2\/tags?post=330521"}],"curies":[{"name":"wp","href":"https:\/\/api.w.org\/{rel}","templated":true}]}}