{"id":330523,"date":"2025-08-20T01:21:14","date_gmt":"2025-08-20T01:21:14","guid":{"rendered":"https:\/\/www.europesays.com\/fr\/330523\/"},"modified":"2025-08-20T01:21:14","modified_gmt":"2025-08-20T01:21:14","slug":"montpellier-arrache-sa-victoire-dans-un-scenario-fou-au-mans","status":"publish","type":"post","link":"https:\/\/www.europesays.com\/fr\/330523\/","title":{"rendered":"Montpellier arrache sa victoire dans un sc\u00e9nario fou au Mans"},"content":{"rendered":"<p class=\"date\">\n                                                            Juba Touabi, Media365, publi\u00e9 le lundi 18 ao\u00fbt 2025 \u00e0 22h51\n                                                    <\/p>\n<p>Montpellier a d\u00e9croch\u00e9 sa premi\u00e8re victoire de la saison (2-1) face au Mans gr\u00e2ce \u00e0 un but de Junior Ndiaye dans les ultimes secondes. Longtemps ferm\u00e9, le match s&rsquo;est emball\u00e9 dans la derni\u00e8re demi-heure.<\/p>\n<p>Montpellier tient enfin son premier succ\u00e8s de la saison, et il a fallu attendre les toutes derni\u00e8res secondes pour le voir se dessiner. Au stade Marie-Marvingt, les H\u00e9raultais ont domin\u00e9 une grande partie de la rencontre sans parvenir \u00e0 concr\u00e9tiser, avant de s&rsquo;imposer au bout du suspense face \u00e0 une \u00e9quipe mancelle courageuse mais punie sur le fil.<\/p>\n<p>Un match ferm\u00e9, puis lib\u00e9r\u00e9 par Coulibaly<\/p>\n<p>La premi\u00e8re p\u00e9riode a offert peu d&rsquo;occasions franches malgr\u00e9 quelques alertes c\u00f4t\u00e9 montpelli\u00e9rain. Apr\u00e8s la pause, le MHSC a trouv\u00e9 l&rsquo;ouverture sur une perte de balle adverse exploit\u00e9e par Tchato, dont la passe ext\u00e9rieure a parfaitement servi Tanguy Coulibaly, auteur d&rsquo;une reprise du gauche imparable (54e, 0-1). Derri\u00e8re, les hommes de Zoumana Camara ont sembl\u00e9 en contr\u00f4le, mais n&rsquo;ont pas su tuer le match malgr\u00e9 plusieurs situations int\u00e9ressantes. Le Mans, port\u00e9 par son public, a fini par trouver les ressources pour \u00e9galiser gr\u00e2ce \u00e0 un coup de casque puissant de Dame Gueye dans le temps additionnel (90e+6, 1-1), plongeant l&rsquo;enceinte dans l&rsquo;euphorie.<\/p>\n<p>Alors que tout laissait croire \u00e0 un partage des points, Montpellier a su r\u00e9agir imm\u00e9diatement. Sur un dernier effort \u00e0 droite, Junior Ndiaye, tout juste entr\u00e9 en jeu, n&rsquo;a eu qu&rsquo;\u00e0 pousser le ballon au fond des filets (90e+9, 1-2). Un coup de massue pour les Manceaux, qui avaient fait l&rsquo;essentiel pour arracher le nul. Avec ce succ\u00e8s in extremis, Montpellier lance enfin sa saison apr\u00e8s un nul inaugural contre le Red Star. Pour Le Mans, la d\u00e9ception est immense : le club avait su accrocher Guingamp lors de la premi\u00e8re journ\u00e9e (3-3) a cette fois manqu\u00e9 de r\u00e9alisme dans les moments cl\u00e9s et a pay\u00e9 cash ses erreurs d\u00e9fensives.<\/p>\n","protected":false},"excerpt":{"rendered":"Juba Touabi, Media365, publi\u00e9 le lundi 18 ao\u00fbt 2025 \u00e0 22h51 Montpellier a d\u00e9croch\u00e9 sa premi\u00e8re victoire de&hellip;\n","protected":false},"author":2,"featured_media":330524,"comment_status":"","ping_status":"","sticky":false,"template":"","format":"standard","meta":{"footnotes":""},"categories":[9599],"tags":[1111,11,1777,674,1011,27,2208,12,2680,25],"class_list":{"0":"post-330523","1":"post","2":"type-post","3":"status-publish","4":"format-standard","5":"has-post-thumbnail","7":"category-montpellier","8":"tag-actu","9":"tag-actualites","10":"tag-eu","11":"tag-europe","12":"tag-fr","13":"tag-france","14":"tag-montpellier","15":"tag-news","16":"tag-occitanie","17":"tag-republique-francaise"},"share_on_mastodon":{"url":"https:\/\/pubeurope.com\/@fr\/115058473878075247","error":""},"_links":{"self":[{"href":"https:\/\/www.europesays.com\/fr\/wp-json\/wp\/v2\/posts\/330523","targetHints":{"allow":["GET"]}}],"collection":[{"href":"https:\/\/www.europesays.com\/fr\/wp-json\/wp\/v2\/posts"}],"about":[{"href":"https:\/\/www.europesays.com\/fr\/wp-json\/wp\/v2\/types\/post"}],"author":[{"embeddable":true,"href":"https:\/\/www.europesays.com\/fr\/wp-json\/wp\/v2\/users\/2"}],"replies":[{"embeddable":true,"href":"https:\/\/www.europesays.com\/fr\/wp-json\/wp\/v2\/comments?post=330523"}],"version-history":[{"count":0,"href":"https:\/\/www.europesays.com\/fr\/wp-json\/wp\/v2\/posts\/330523\/revisions"}],"wp:featuredmedia":[{"embeddable":true,"href":"https:\/\/www.europesays.com\/fr\/wp-json\/wp\/v2\/media\/330524"}],"wp:attachment":[{"href":"https:\/\/www.europesays.com\/fr\/wp-json\/wp\/v2\/media?parent=330523"}],"wp:term":[{"taxonomy":"category","embeddable":true,"href":"https:\/\/www.europesays.com\/fr\/wp-json\/wp\/v2\/categories?post=330523"},{"taxonomy":"post_tag","embeddable":true,"href":"https:\/\/www.europesays.com\/fr\/wp-json\/wp\/v2\/tags?post=330523"}],"curies":[{"name":"wp","href":"https:\/\/api.w.org\/{rel}","templated":true}]}}