{"id":330525,"date":"2025-08-20T01:25:12","date_gmt":"2025-08-20T01:25:12","guid":{"rendered":"https:\/\/www.europesays.com\/fr\/330525\/"},"modified":"2025-08-20T01:25:12","modified_gmt":"2025-08-20T01:25:12","slug":"grenoble-vuelta-de-espana-mardi-26-aout","status":"publish","type":"post","link":"https:\/\/www.europesays.com\/fr\/330525\/","title":{"rendered":"GRENOBLE : Vuelta de Espana, mardi 26 ao\u00fbt"},"content":{"rendered":"<p style=\"text-align: left;\"><b>L\u2019\u00e9t\u00e9 approche et il est l\u2019heure de faire le point sur les \u00e9v\u00e9nements qui feront vibrer la m\u00e9tropole grenobloise de mai \u00e0 septembre\u00a0!<\/b><b\/><\/p>\n<p style=\"text-align: left;\">Inauguration d\u2019un nouveau V\u00e9lorail, match de pr\u00e9paration \u00e0 l\u2019Euro 2025 pour l\u2019\u00e9quipe de France f\u00e9minine de football, Ut4M, d\u00e9part du Tour de France \u00e0 Vif\u2026 L\u2019\u00e9t\u00e9 2025 s\u2019annonce fort en \u00e9motions pour c\u00e9l\u00e9brer le 10e\u00a0anniversaire de Grenoble Alpes M\u00e9tropole\u00a0!<\/p>\n<p style=\"text-align: left;\">Entre plaines et montagnes, Grenoble Alpes peut afficher fi\u00e8rement ses qualit\u00e9s de terre de sport de plein\u2011air. Depuis sa m\u00e9tropolisation il y a 10 ans, le territoire grenoblois perp\u00e9tue ce lien ind\u00e9fectible qu\u2019il entretient avec le sport d\u2019ext\u00e9rieur gr\u00e2ce \u00e0 l\u2019accueil r\u00e9current d\u2019\u00e9v\u00e9nements de renomm\u00e9e internationale. De mai \u00e0 septembre, Grenoble Alpes continue de faire le plein de rendez-vous\u00a0et confirme son statut de capitale des Alpes et de destination incontournable des activit\u00e9s sportives et outdoor pour tous.<\/p>\n<p style=\"text-align: left;\">Le\u00a0<b>cyclisme<\/b>\u00a0est \u00e0 l\u2019honneur cet \u00e9t\u00e9\u00a0avec le d\u00e9part de la 18e\u00a0\u00e9tape du Tour de France \u00e0 Vif le jeudi 24 juillet et le passage de la 4e\u00a0\u00e9tape du Tour d\u2019Espagne en Is\u00e8re le mardi 26 ao\u00fbt. Pour vivre la pratique autrement, on arpente l\u2019ancien parcours du Petit train de la Mure \u00e0 bord du nouveau V\u00e9lorail des Alpes \u00e0 partir du samedi 24 mai.<\/p>\n<p style=\"text-align: left;\">Pour s\u2019\u00e9chapper en\u00a0<b>montagne<\/b>, Grenoble Alpes M\u00e9tropole organise sa traditionnelle M\u00e9trorando dimanche 18 mai, l\u2019Ut4M sillonnera les quatre massifs du 17 au 20 juillet et les sportifs a\u00e9riens de la Coupe Icare s\u2019\u00e9lanceront dans le ciel du 16 au 21 septembre.<\/p>\n<p style=\"text-align: left;\">C\u00f4t\u00e9\u00a0football, rendez-vous le vendredi 27 juin pour porter haut et fort les couleurs de l\u2019\u00e9quipe de France f\u00e9minine qui rencontrera l\u2019\u00e9quipe br\u00e9silienne pour un match de pr\u00e9paration \u00e0 l\u2019Euro 2025.<\/p>\n<p style=\"text-align: left;\"><strong>Cyclisme \u2013 Vuelta de Espana<\/strong><br \/><strong>Mardi 26 ao\u00fbt<\/strong><\/p>\n<p style=\"text-align: left;\">Mardi 26 ao\u00fbt, la 4e \u00e9tape de la Vuelta 2025 (Tour d\u2019Espagne) fait escale en Is\u00e8re avec un parcours spectaculaire de 192 km entre Suse (Italie) et Voiron. Apr\u00e8s avoir franchi les cols de Montgen\u00e8vre et du Lautaret, le peloton traversera des sites embl\u00e9matiques comme Brian\u00e7on, Le Bourg-d\u2019Oisans, Vizille puis le territoire de la M\u00e9tropole grenobloise offrant un superbe spectacle aux amateurs de cyclisme. Une \u00e9tape de moyenne montagne id\u00e9ale pour les baroudeurs, qui met en lumi\u00e8re les paysages alpins et la M\u00e9tropole grenobloise. lavuelta.es\/fr<\/p>\n<p style=\"text-align: left;\"><strong>SOURCE : Grenoble Alpes, la M\u00e9tropole de l\u2019outdoor pour tous.<\/strong><\/p>\n","protected":false},"excerpt":{"rendered":"L\u2019\u00e9t\u00e9 approche et il est l\u2019heure de faire le point sur les \u00e9v\u00e9nements qui feront vibrer la m\u00e9tropole&hellip;\n","protected":false},"author":2,"featured_media":330526,"comment_status":"","ping_status":"","sticky":false,"template":"","format":"standard","meta":{"footnotes":""},"categories":[9566],"tags":[1111,11,2430,1777,674,1011,27,2731,12,25],"class_list":{"0":"post-330525","1":"post","2":"type-post","3":"status-publish","4":"format-standard","5":"has-post-thumbnail","7":"category-grenoble","8":"tag-actu","9":"tag-actualites","10":"tag-auvergne-rhone-alpes","11":"tag-eu","12":"tag-europe","13":"tag-fr","14":"tag-france","15":"tag-grenoble","16":"tag-news","17":"tag-republique-francaise"},"share_on_mastodon":{"url":"https:\/\/pubeurope.com\/@fr\/115058489658324450","error":""},"_links":{"self":[{"href":"https:\/\/www.europesays.com\/fr\/wp-json\/wp\/v2\/posts\/330525","targetHints":{"allow":["GET"]}}],"collection":[{"href":"https:\/\/www.europesays.com\/fr\/wp-json\/wp\/v2\/posts"}],"about":[{"href":"https:\/\/www.europesays.com\/fr\/wp-json\/wp\/v2\/types\/post"}],"author":[{"embeddable":true,"href":"https:\/\/www.europesays.com\/fr\/wp-json\/wp\/v2\/users\/2"}],"replies":[{"embeddable":true,"href":"https:\/\/www.europesays.com\/fr\/wp-json\/wp\/v2\/comments?post=330525"}],"version-history":[{"count":0,"href":"https:\/\/www.europesays.com\/fr\/wp-json\/wp\/v2\/posts\/330525\/revisions"}],"wp:featuredmedia":[{"embeddable":true,"href":"https:\/\/www.europesays.com\/fr\/wp-json\/wp\/v2\/media\/330526"}],"wp:attachment":[{"href":"https:\/\/www.europesays.com\/fr\/wp-json\/wp\/v2\/media?parent=330525"}],"wp:term":[{"taxonomy":"category","embeddable":true,"href":"https:\/\/www.europesays.com\/fr\/wp-json\/wp\/v2\/categories?post=330525"},{"taxonomy":"post_tag","embeddable":true,"href":"https:\/\/www.europesays.com\/fr\/wp-json\/wp\/v2\/tags?post=330525"}],"curies":[{"name":"wp","href":"https:\/\/api.w.org\/{rel}","templated":true}]}}