{"id":330531,"date":"2025-08-20T01:29:24","date_gmt":"2025-08-20T01:29:24","guid":{"rendered":"https:\/\/www.europesays.com\/fr\/330531\/"},"modified":"2025-08-20T01:29:24","modified_gmt":"2025-08-20T01:29:24","slug":"rc-strasbourg-un-cadre-du-rcsa-rejoint-lecurie-jorge-mendes","status":"publish","type":"post","link":"https:\/\/www.europesays.com\/fr\/330531\/","title":{"rendered":"RC Strasbourg. Un cadre du RCSA rejoint l&rsquo;\u00e9curie Jorge Mendes"},"content":{"rendered":"<p><img fetchpriority=\"high\" decoding=\"async\" width=\"620\" height=\"413\" src=\"https:\/\/www.europesays.com\/fr\/wp-content\/uploads\/2025\/07\/Maillot-strasbourg-620x413.jpeg\" alt=\"RC Strasbourg. Un cadre du RCSA rejoint l'\u00e9curie Jorge Mendes\" class=\"wp-image-374643\"  \/>Valentin Barco s\u2019est engag\u00e9 avec Polaris Sport du Portugais Jorge Mendes.<\/p>\n<p>Arriv\u00e9 en janvier de cette ann\u00e9e, recrut\u00e9 de mani\u00e8re d\u00e9finitive cet \u00e9t\u00e9 par le <a href=\"https:\/\/sportune.20minutes.fr\/rc-strasbourg-rcsa\" rel=\"nofollow noopener\" target=\"_blank\">RC Strasbourg<\/a> qui a lev\u00e9 l\u2019option d\u2019achat \u00e0 son sujet, Valentin Barco s\u2019est rapidement fondu dans le collectif alsacien. Au point d\u2019en devenir un des cadres, sportifs et m\u00eame marketing.<\/p>\n<p>Le polyvalent milieu de 21 ans et promis \u00e0 un bel avenir, il compte d\u00e9j\u00e0 une s\u00e9lection avec l\u2019\u00e9quipe nationale d\u2019argentine et \u00e0 Strasbourg, il est devenu l\u2019un des piliers au coeur du jeu soutenu par le coach Liam Rosenior. Pour l\u2019accompagner dans sa progression, Valentin Barco pourra d\u00e9sormais s\u2019appuyer sur l\u2019expertise de Jorge Mendes.<\/p>\n<p>L\u2019homme derri\u00e8re la carri\u00e8re de Cristiano Ronaldo<\/p>\n<p>Le tr\u00e8s influent agent portugais et ses \u00e9quipes viennent d\u2019annoncer l\u2019arriv\u00e9e du joueur dans le pool des athl\u00e8tes qu\u2019ils repr\u00e9sentent sous l\u2019\u00e9gide de Polaris Sport. Mendes, rappelons-le, est celui qui a pendant tr\u00e8s longtemps accompagn\u00e9 la carri\u00e8re de Cristiano Ronaldo, au point que ce dernier le consid\u00e9rait comme un deuxi\u00e8me p\u00e8re. <\/p>\n<p>D\u2019autres grands noms du football lui ont succ\u00e9d\u00e9, \u00e0 commencer par le plus bankable d\u2019entre tous : le jeune Lamine Yamal. Les joueurs du <a href=\"https:\/\/sportune.20minutes.fr\/paris-saint-germain-psg\" rel=\"nofollow noopener\" target=\"_blank\">PSG<\/a>, Vitinha, Joao Neves, Barcola, Za\u00efre-Emery, Ramos, Renato Sanches ou Asensio en sont d\u2019autres, de m\u00eame que l\u2019ancien d\u00e9fenseur du <a href=\"https:\/\/sportune.20minutes.fr\/losc-lille-losc\" rel=\"nofollow noopener\" target=\"_blank\">LOSC Lille<\/a>, aujourd\u2019hui \u00e0 <a href=\"https:\/\/sportune.20minutes.fr\/manchester-united\" rel=\"nofollow noopener\" target=\"_blank\">Manchester United<\/a>, Leny Yoro.<\/p>\n","protected":false},"excerpt":{"rendered":"Valentin Barco s\u2019est engag\u00e9 avec Polaris Sport du Portugais Jorge Mendes. Arriv\u00e9 en janvier de cette ann\u00e9e, recrut\u00e9&hellip;\n","protected":false},"author":2,"featured_media":275147,"comment_status":"","ping_status":"","sticky":false,"template":"","format":"standard","meta":{"footnotes":""},"categories":[2820],"tags":[1111,11,1777,674,1011,27,775,12,4448,25,640,969],"class_list":{"0":"post-330531","1":"post","2":"type-post","3":"status-publish","4":"format-standard","5":"has-post-thumbnail","7":"category-strasbourg","8":"tag-actu","9":"tag-actualites","10":"tag-eu","11":"tag-europe","12":"tag-fr","13":"tag-france","14":"tag-grand-est","15":"tag-news","16":"tag-rc-strasbourg","17":"tag-republique-francaise","18":"tag-strasbourg","19":"tag-transfert"},"share_on_mastodon":{"url":"https:\/\/pubeurope.com\/@fr\/115058505418018449","error":""},"_links":{"self":[{"href":"https:\/\/www.europesays.com\/fr\/wp-json\/wp\/v2\/posts\/330531","targetHints":{"allow":["GET"]}}],"collection":[{"href":"https:\/\/www.europesays.com\/fr\/wp-json\/wp\/v2\/posts"}],"about":[{"href":"https:\/\/www.europesays.com\/fr\/wp-json\/wp\/v2\/types\/post"}],"author":[{"embeddable":true,"href":"https:\/\/www.europesays.com\/fr\/wp-json\/wp\/v2\/users\/2"}],"replies":[{"embeddable":true,"href":"https:\/\/www.europesays.com\/fr\/wp-json\/wp\/v2\/comments?post=330531"}],"version-history":[{"count":0,"href":"https:\/\/www.europesays.com\/fr\/wp-json\/wp\/v2\/posts\/330531\/revisions"}],"wp:featuredmedia":[{"embeddable":true,"href":"https:\/\/www.europesays.com\/fr\/wp-json\/wp\/v2\/media\/275147"}],"wp:attachment":[{"href":"https:\/\/www.europesays.com\/fr\/wp-json\/wp\/v2\/media?parent=330531"}],"wp:term":[{"taxonomy":"category","embeddable":true,"href":"https:\/\/www.europesays.com\/fr\/wp-json\/wp\/v2\/categories?post=330531"},{"taxonomy":"post_tag","embeddable":true,"href":"https:\/\/www.europesays.com\/fr\/wp-json\/wp\/v2\/tags?post=330531"}],"curies":[{"name":"wp","href":"https:\/\/api.w.org\/{rel}","templated":true}]}}