{"id":330532,"date":"2025-08-20T01:30:21","date_gmt":"2025-08-20T01:30:21","guid":{"rendered":"https:\/\/www.europesays.com\/fr\/330532\/"},"modified":"2025-08-20T01:30:21","modified_gmt":"2025-08-20T01:30:21","slug":"mort-en-direct-du-streamer-jean-pormanove-a-contes-le-parquet-de-nice-ouvre-une-enquete","status":"publish","type":"post","link":"https:\/\/www.europesays.com\/fr\/330532\/","title":{"rendered":"Mort en direct du streamer Jean Pormanove \u00e0 Contes: le parquet de Nice ouvre une enqu\u00eate"},"content":{"rendered":"<p>Le parquet de Nice a confirm\u00e9 ce mardi 19 ao\u00fbt 2025 l\u2019ouverture d\u2019une enqu\u00eate apr\u00e8s le d\u00e9c\u00e8s de Rapha\u00ebl Graven, alias Jean Pormanove, 46 ans, <a href=\"https:\/\/www.nicematin.com\/faits-divers\/jean-pormanove-specialiste-du-streaming-sur-internet-retrouve-mort-ce-lundi-a-contes-998477?t=1755604580\" rel=\"nofollow noopener\" target=\"_blank\">retrouv\u00e9 mort lundi matin \u00e0 Contes lors d\u2019un live diffus\u00e9 sur la plateforme Kick.<\/a><\/p>\n<p>Une autopsie a \u00e9t\u00e9 ordonn\u00e9e pour d\u00e9terminer les causes du d\u00e9c\u00e8s.\u00a0<\/p>\n<p>D\u00e9j\u00e0 une enqu\u00eate ouverte en 2024<\/p>\n<p>Le parquet pr\u00e9cise que les investigations sont confi\u00e9es au SLPJ de Nice, d\u00e9j\u00e0 saisi depuis d\u00e9cembre 2024 pour une enqu\u00eate visant notamment des faits de \u00ab\u00a0violences volontaires en r\u00e9union sur personnes vuln\u00e9rables\u00a0\u00bb et de \u00ab\u00a0diffusion d\u2019images relatives \u00e0 la commission d\u2019infractions d\u2019atteintes volontaires \u00e0 l\u2019int\u00e9grit\u00e9 de la personne\u00a0\u00bb.<\/p>\n<p>Ces investigations avaient \u00e9t\u00e9 d\u00e9clench\u00e9es apr\u00e8s des r\u00e9v\u00e9lations de M\u00e9diapart autour de vid\u00e9os largement suivies sur internet, o\u00f9 l\u2019on voyait Jean Pormanove subir des violences et humiliations en direct, souvent en pr\u00e9sence de ses partenaires de diffusion connus sous les pseudonymes de \u00ab\u00a0Narutovie\u00a0\u00bb et \u00ab\u00a0Safine\u00a0\u00bb.<\/p>\n<p>Une vid\u00e9o du live en cause<\/p>\n<p>Selon plusieurs internautes, une vid\u00e9o diffus\u00e9e lundi sur Kick montrerait les instants pr\u00e9c\u00e9dant la d\u00e9couverte du corps. On y apercevrait l\u2019homme, inanim\u00e9 sous une couette, allong\u00e9 dans un lit aux c\u00f4t\u00e9s de deux autres personnes, dont l\u2019une lance une petite bouteille d\u2019eau dans sa direction.<\/p>\n<p>R\u00e9actions politiques<\/p>\n<p>La ministre d\u00e9l\u00e9gu\u00e9e charg\u00e9e du Num\u00e9rique, Clara Chappaz, a d\u00e9nonc\u00e9 sur X \u00ab\u00a0une horreur absolue\u00a0\u00bb et annonc\u00e9 avoir \u00ab\u00a0saisi l\u2019Arcom et effectu\u00e9 un signalement sur Pharos\u00a0\u00bb.<\/p>\n<p>\u00ab\u00a0J\u2019ai \u00e9galement contact\u00e9 les responsables de la plateforme pour obtenir des explications. La responsabilit\u00e9 des plateformes en ligne sur la diffusion de contenus illicites n\u2019est pas une option: c\u2019est la loi\u00a0\u00bb, a-t-elle insist\u00e9.<\/p>\n<p>La plateforme Kick r\u00e9agit<\/p>\n<p>Contact\u00e9e par l\u2019AFP, la plateforme australienne Kick a r\u00e9pondu \u00ab\u00a0ne pouvoir donner aucune information en raison de notre politique de confidentialit\u00e9\u00a0\u00bb.<\/p>\n<p>Dans ses conditions d\u2019utilisation, le site affirme interdire \u00ab\u00a0tout contenu repr\u00e9sentant ou incitant \u00e0 une violence odieuse\u00a0\u00bb, m\u00eame si \u00ab\u00a0la violence peut \u00eatre contextuelle et avoir des cons\u00e9quences variables\u00a0\u00bb.<\/p>\n","protected":false},"excerpt":{"rendered":"Le parquet de Nice a confirm\u00e9 ce mardi 19 ao\u00fbt 2025 l\u2019ouverture d\u2019une enqu\u00eate apr\u00e8s le d\u00e9c\u00e8s de&hellip;\n","protected":false},"author":2,"featured_media":330533,"comment_status":"","ping_status":"","sticky":false,"template":"","format":"standard","meta":{"footnotes":""},"categories":[2819],"tags":[1111,11,1777,674,118,1011,27,12,2401,882,25],"class_list":{"0":"post-330532","1":"post","2":"type-post","3":"status-publish","4":"format-standard","5":"has-post-thumbnail","7":"category-nice","8":"tag-actu","9":"tag-actualites","10":"tag-eu","11":"tag-europe","12":"tag-faits-divers","13":"tag-fr","14":"tag-france","15":"tag-news","16":"tag-nice","17":"tag-provence-alpes-cote-dazur","18":"tag-republique-francaise"},"share_on_mastodon":{"url":"https:\/\/pubeurope.com\/@fr\/115058509363778126","error":""},"_links":{"self":[{"href":"https:\/\/www.europesays.com\/fr\/wp-json\/wp\/v2\/posts\/330532","targetHints":{"allow":["GET"]}}],"collection":[{"href":"https:\/\/www.europesays.com\/fr\/wp-json\/wp\/v2\/posts"}],"about":[{"href":"https:\/\/www.europesays.com\/fr\/wp-json\/wp\/v2\/types\/post"}],"author":[{"embeddable":true,"href":"https:\/\/www.europesays.com\/fr\/wp-json\/wp\/v2\/users\/2"}],"replies":[{"embeddable":true,"href":"https:\/\/www.europesays.com\/fr\/wp-json\/wp\/v2\/comments?post=330532"}],"version-history":[{"count":0,"href":"https:\/\/www.europesays.com\/fr\/wp-json\/wp\/v2\/posts\/330532\/revisions"}],"wp:featuredmedia":[{"embeddable":true,"href":"https:\/\/www.europesays.com\/fr\/wp-json\/wp\/v2\/media\/330533"}],"wp:attachment":[{"href":"https:\/\/www.europesays.com\/fr\/wp-json\/wp\/v2\/media?parent=330532"}],"wp:term":[{"taxonomy":"category","embeddable":true,"href":"https:\/\/www.europesays.com\/fr\/wp-json\/wp\/v2\/categories?post=330532"},{"taxonomy":"post_tag","embeddable":true,"href":"https:\/\/www.europesays.com\/fr\/wp-json\/wp\/v2\/tags?post=330532"}],"curies":[{"name":"wp","href":"https:\/\/api.w.org\/{rel}","templated":true}]}}