{"id":330534,"date":"2025-08-20T01:31:29","date_gmt":"2025-08-20T01:31:29","guid":{"rendered":"https:\/\/www.europesays.com\/fr\/330534\/"},"modified":"2025-08-20T01:31:29","modified_gmt":"2025-08-20T01:31:29","slug":"enquete-ouverte-a-nice-apres-la-mort-en-direct-du-streamer-humilie-depuis-des-mois","status":"publish","type":"post","link":"https:\/\/www.europesays.com\/fr\/330534\/","title":{"rendered":"enqu\u00eate ouverte \u00e0 Nice apr\u00e8s la mort en direct du \u00ab\u00a0streamer\u00a0\u00bb humili\u00e9 depuis des mois"},"content":{"rendered":"<p>Le parquet de Nice a indiqu\u00e9 ce mardi avoir ouvert une enqu\u00eate suite au d\u00e9c\u00e8s \u00ab\u00a0lors d\u2019un live streaming\u00a0\u00bb sur une plateforme vid\u00e9o d\u2019un homme de 46\u00a0ans, protagoniste de vid\u00e9os controvers\u00e9es sur lesquelles la ministre du num\u00e9rique a saisi l\u2019Arcom.<\/p>\n<p>Rapha\u00ebl Graven, 46\u00a0ans, connu en ligne sous les pseudos \u00ab\u00a0Jean Pormanove\u00a0\u00bb ou \u00ab\u00a0JP\u00a0\u00bb, est d\u00e9c\u00e9d\u00e9 lundi \u00e0 Contes, petit village au nord de <a href=\"https:\/\/www.laprovence.com\/article\/politique\/3679250027437214\/confession-juive-sourd-enquete-ouverte-a-nice-sur-des-soupcons-de-fichage-par-les-equipes-deric-ciotti\" target=\"_blank\" rel=\"nofollow noopener\">Nice<\/a>, a pr\u00e9cis\u00e9 le parquet, confirmant une information de Nice-Matin. <strong>Il \u00e9tait connu pour participer \u00e0 des vid\u00e9os le montrant subissant violences et autres humiliations<\/strong>, notamment de deux partenaires connus sous les pseudos de \u00ab\u00a0Narutovie\u00a0\u00bb et \u00ab\u00a0Safine\u00a0\u00bb.<\/p>\n<p><img alt=\"Rapha\u00ebl Graven, 46 ans, connu en ligne sous les pseudos &quot;Jean Pormanove&quot; ou &quot;JP&quot;, est d\u00e9c\u00e9d\u00e9 lundi \u00e0 Contes.\" loading=\"lazy\" decoding=\"async\" data-nimg=\"fill\" class=\" TwicCore_img__i9TC1 undefined  undefined\" style=\"position:absolute;height:100%;width:100%;left:0;top:0;right:0;bottom:0;color:transparent;background-size:cover;background-position:50% 50%;background-repeat:no-repeat;background-image:url(&quot;data:image\/svg+xml;charset=utf-8,%3Csvg xmlns='http:\/\/www.w3.org\/2000\/svg' %3E%3Cfilter id='b' color-interpolation-filters='sRGB'%3E%3CfeGaussianBlur stdDeviation='20'\/%3E%3CfeColorMatrix values='1 0 0 0 0 0 1 0 0 0 0 0 1 0 0 0 0 0 100 -1' result='s'\/%3E%3CfeFlood x='0' y='0' width='100%25' height='100%25'\/%3E%3CfeComposite operator='out' in='s'\/%3E%3CfeComposite in2='SourceGraphic'\/%3E%3CfeGaussianBlur stdDeviation='20'\/%3E%3C\/filter%3E%3Cimage width='100%25' height='100%25' x='0' y='0' preserveAspectRatio='none' style='filter: url(%23b);' href='https:\/\/pictures.laprovence.com\/cdn-cgi\/image\/blur=250\/media\/melody\/2025\/08\/19\/a-1755605989_bf7805e664a86448805e664a868880v_.jpg'\/%3E%3C\/svg%3E&quot;)\"   src=\"https:\/\/www.europesays.com\/fr\/wp-content\/uploads\/2025\/08\/a-1755605989_bf7805e664a86448805e664a868880v_.jpg\"\/>Rapha\u00ebl Graven, 46 ans, connu en ligne sous les pseudos \u00ab\u00a0Jean Pormanove\u00a0\u00bb ou \u00ab\u00a0JP\u00a0\u00bb, est d\u00e9c\u00e9d\u00e9 lundi \u00e0 Contes. \/ Photo Instagram @jeanpormanove<\/p>\n<p>Le parquet a indiqu\u00e9 avoir ouvert une enqu\u00eate en \u00ab\u00a0recherche des causes de la mort\u00a0\u00bb et ordonn\u00e9 une autopsie. Les investigations ont \u00e9t\u00e9 confi\u00e9es \u00e0 <a href=\"https:\/\/www.laprovence.com\/article\/faits-divers-justice\/1925680197765615\/une-femme-de-22-ans-violee-apres-une-tentative-de-suicide-en-plein-centre-ville-de-nice\" target=\"_blank\" rel=\"nofollow noopener\">la police judiciaire de Nice<\/a>, d\u00e9j\u00e0 saisie depuis d\u00e9cembre\u00a02024 d\u2019une enqu\u00eate notamment pour \u00ab\u00a0<strong>violences volontaires en r\u00e9union sur personnes vuln\u00e9rables [\u2026] et diffusion d\u2019enregistrement d\u2019images relatives \u00e0 la commission d\u2019infractions d\u2019atteintes volontaires \u00e0 l\u2019int\u00e9grit\u00e9 de la personne<\/strong>\u00ab\u00a0, suite \u00e0 un article de M\u00e9diapart r\u00e9v\u00e9lant l\u2019existence de ces vid\u00e9os, suivies par des milliers de personnes, notamment sur la plateforme australienne de diffusion en direct Kick.<\/p>\n<p>L\u2019Arcom a \u00e9t\u00e9 saisi<\/p>\n<p>Une vid\u00e9o diffus\u00e9e en live lundi sur Kick, et largement partag\u00e9e depuis, montrerait, selon des internautes, les moments juste avant son d\u00e9c\u00e8s ou la d\u00e9couverte de celui-ci, le montrant inanim\u00e9 sous une couette dans un lit, dans lequel sont \u00e9galement deux autres hommes, dont un jette une petite bouteille d\u2019eau en plastique dans sa direction.<\/p>\n<blockquote class=\"twitter-tweet\"><p>&#13;<\/p>\n<p>Le d\u00e9c\u00e8s de Jean Pormanove et les violences qu\u2019il a subies sont une horreur absolue. J\u2019adresse toutes mes condol\u00e9ances \u00e0 sa famille et \u00e0 ses proches.<\/p>\n<p>Jean Pormanove a \u00e9t\u00e9 humili\u00e9 et maltrait\u00e9 pendant des mois en direct sur la plateforme Kick.<br \/>Une enqu\u00eate judiciaire est en cours.\u2026<\/p>\n<p>&#13;<br \/>\n\u2014 Clara Chappaz (@ClaraChappaz) <a href=\"https:\/\/twitter.com\/ClaraChappaz\/status\/1957727484184608966?ref_src=twsrc%5Etfw\" target=\"_blank\" rel=\"nofollow noopener\">August 19, 2025<\/a><\/p><\/blockquote>\n<p><a href=\"https:\/\/www.laprovence.com\/article\/sante\/30787757260731\/exposition-au-soleil-le-ministre-de-la-sante-alerte-sur-des-tendances-dangereuses\" target=\"_blank\" rel=\"nofollow noopener\">Clara Chappaz<\/a>, ministre d\u00e9l\u00e9gu\u00e9e charg\u00e9e du Num\u00e9rique, a d\u00e9nonc\u00e9 sur le r\u00e9seau X \u00ab\u00a0<strong>une horreur absolue<\/strong>\u00a0\u00bb et indiqu\u00e9 avoir \u00ab\u00a0<strong>saisi l\u2019Arcom et effectu\u00e9 un signalement sur Pharos<\/strong>\u00ab\u00a0, le service de lutte contre la violence en ligne.<\/p>\n<p>\u00ab\u00a0<strong>J\u2019ai \u00e9galement contact\u00e9 les responsables de la plateforme pour obtenir des explications. La responsabilit\u00e9 des plateformes en ligne sur la diffusion de contenus illicites n\u2019est pas une option\u00a0: c\u2019est la loi<\/strong>\u00ab\u00a0, a-t-elle soulign\u00e9.<\/p>\n<p>Interrog\u00e9e par mail sur cette affaire, Kick a r\u00e9pondu \u00ab\u00a0<strong>ne pouvoir donner aucune information en raison de notre politique de confidentialit\u00e9<\/strong>\u00ab\u00a0. Dans ses conditions d\u2019utilisation, le site souligne que \u00ab\u00a0<strong>bien que la violence puisse \u00eatre contextuelle et avoir des cons\u00e9quences variables, nous interdisons tout contenu repr\u00e9sentant ou incitant \u00e0 une violence odieuse<\/strong>\u00ab\u00a0.<\/p>\n<p>Kick est une plateforme australienne, grande concurrente du leader mondial du live streaming Twitch et aux r\u00e8gles de mod\u00e9ration plus rel\u00e2ch\u00e9es.<\/p>\n<p><script async src=\"https:\/\/platform.twitter.com\/widgets.js\" charset=\"utf-8\"><\/script><\/p>\n","protected":false},"excerpt":{"rendered":"Le parquet de Nice a indiqu\u00e9 ce mardi avoir ouvert une enqu\u00eate suite au d\u00e9c\u00e8s \u00ab\u00a0lors d\u2019un live&hellip;\n","protected":false},"author":2,"featured_media":330535,"comment_status":"","ping_status":"","sticky":false,"template":"","format":"standard","meta":{"footnotes":""},"categories":[2819],"tags":[17,1111,11,150,1067,1777,674,274,1011,27,13392,18,12,2401,12884,46535,882,25],"class_list":{"0":"post-330534","1":"post","2":"type-post","3":"status-publish","4":"format-standard","5":"has-post-thumbnail","7":"category-nice","8":"tag-17","9":"tag-actu","10":"tag-actualites","11":"tag-apres","12":"tag-enquete","13":"tag-eu","14":"tag-europe","15":"tag-faits-divers-justice","16":"tag-fr","17":"tag-france","18":"tag-jean","19":"tag-mort","20":"tag-news","21":"tag-nice","22":"tag-ouverte","23":"tag-pormanove","24":"tag-provence-alpes-cote-dazur","25":"tag-republique-francaise"},"share_on_mastodon":{"url":"https:\/\/pubeurope.com\/@fr\/115058513293974072","error":""},"_links":{"self":[{"href":"https:\/\/www.europesays.com\/fr\/wp-json\/wp\/v2\/posts\/330534","targetHints":{"allow":["GET"]}}],"collection":[{"href":"https:\/\/www.europesays.com\/fr\/wp-json\/wp\/v2\/posts"}],"about":[{"href":"https:\/\/www.europesays.com\/fr\/wp-json\/wp\/v2\/types\/post"}],"author":[{"embeddable":true,"href":"https:\/\/www.europesays.com\/fr\/wp-json\/wp\/v2\/users\/2"}],"replies":[{"embeddable":true,"href":"https:\/\/www.europesays.com\/fr\/wp-json\/wp\/v2\/comments?post=330534"}],"version-history":[{"count":0,"href":"https:\/\/www.europesays.com\/fr\/wp-json\/wp\/v2\/posts\/330534\/revisions"}],"wp:featuredmedia":[{"embeddable":true,"href":"https:\/\/www.europesays.com\/fr\/wp-json\/wp\/v2\/media\/330535"}],"wp:attachment":[{"href":"https:\/\/www.europesays.com\/fr\/wp-json\/wp\/v2\/media?parent=330534"}],"wp:term":[{"taxonomy":"category","embeddable":true,"href":"https:\/\/www.europesays.com\/fr\/wp-json\/wp\/v2\/categories?post=330534"},{"taxonomy":"post_tag","embeddable":true,"href":"https:\/\/www.europesays.com\/fr\/wp-json\/wp\/v2\/tags?post=330534"}],"curies":[{"name":"wp","href":"https:\/\/api.w.org\/{rel}","templated":true}]}}