{"id":330536,"date":"2025-08-20T01:33:14","date_gmt":"2025-08-20T01:33:14","guid":{"rendered":"https:\/\/www.europesays.com\/fr\/330536\/"},"modified":"2025-08-20T01:33:14","modified_gmt":"2025-08-20T01:33:14","slug":"abline-a-eu-droit-a-un-debrief-muscle-de-la-part-de-castro-dans-le-vestiaire-2","status":"publish","type":"post","link":"https:\/\/www.europesays.com\/fr\/330536\/","title":{"rendered":"Abline a eu droit a un d\u00e9brief muscl\u00e9 de la part de Castro dans le vestiaire"},"content":{"rendered":"<p class=\"mb-4 text-lg md:leading-8 break-words\">Une sc\u00e8ne inhabituelle a eu lieu dans le vestiaire du FC Nantes, dimanche, apr\u00e8s la d\u00e9faite face au <a href=\"https:\/\/fr.news.yahoo.com\/sport\/nantes-psg-conversation-personnelle-l-160839907.html\" data-ylk=\"slk:PSG;elm:context_link;itc:0;sec:content-canvas;outcm:mb_qualified_link;_E:mb_qualified_link;ct:story;\" class=\"link  yahoo-link\" target=\"_blank\" rel=\"noopener\">PSG<\/a> lors de la premi\u00e8re journ\u00e9e de Ligue 1 (0-1). Luis Castro, le coach des Canaris, a pris \u00e0 partie <a href=\"https:\/\/fr.news.yahoo.com\/sport\/nantes-psg-luis-castro-justifie-043347448.html\" data-ylk=\"slk:Matthis Abline;elm:context_link;itc:0;sec:content-canvas;outcm:mb_qualified_link;_E:mb_qualified_link;ct:story;\" class=\"link  yahoo-link\" target=\"_blank\" rel=\"noopener\">Matthis Abline<\/a> pour lui d\u00e9briefer son entr\u00e9e en jeu. Pendant une dizaine de minutes, et devant tout le vestiaire nantais (staff compris), l\u2019entra\u00eeneur portugais s\u2019est servi des images du match pour reprocher plusieurs \u00e9l\u00e9ments \u00e0 son attaquant de 22 ans, qui souhaite quitter le club cet \u00e9t\u00e9.<\/p>\n<p class=\"mb-4 text-lg md:leading-8 break-words\">Le technicien lusitanien lui a montr\u00e9, quasiment action par action, les erreurs qu\u2019il a commises \u00e0 ses yeux face aux Parisiens, en lui expliquant ce qu\u2019il aurait d\u00fb faire ou ne pas faire dans plusieurs situations. Avec la volont\u00e9 de mettre Matthis Abline face \u00e0 ses responsabilit\u00e9s.<\/p>\n<p class=\"mb-4 text-lg md:leading-8 break-words\">Le coach, qui a longtemps \u0153uvr\u00e9 aupr\u00e8s de sa direction pour conserver l&rsquo;international Espoirs, a notamment reproch\u00e9 un manque de rigueur d\u00e9fensive lors de certaines actions parisiennes, notamment celle menant au but.<\/p>\n<p class=\"mb-4 text-lg md:leading-8 break-words\"><a href=\"https:\/\/rmcsport.bfmtv.com\/football\/transferts\/direct-mercato-vers-un-depart-de-zakaria-en-arabie-saoudite_LN-202508180118.html\" rel=\"nofollow noopener\" target=\"_blank\" data-ylk=\"slk:&gt;&gt; Toutes les infos et rumeurs du mercato;elm:context_link;itc:0;sec:content-canvas\" class=\"link \">&gt;&gt; Toutes les infos et rumeurs du mercato<\/a><\/p>\n<p>Une rupture totale entre Abline et Castro?<\/p>\n<p class=\"mb-4 text-lg md:leading-8 break-words\">Une d\u00e9marche qui a surpris les t\u00e9moins pr\u00e9sents, et notamment les joueurs nantais. Cette explication sal\u00e9e a eu lieu dans un contexte tendu autour de la situation du num\u00e9r 10 des Canaris. D\u00e9sireux de changer d\u2019air cet \u00e9t\u00e9, Matthis Abline, recrut\u00e9 au Stade Rennais pendant l\u2019\u00e9t\u00e9 2024 (10 millions d\u2019euros) et sous contrat jusqu\u2019en 2028, a clairement fait savoir \u00e0 ses dirigeants qu\u2019il souhaitait \u00eatre transf\u00e9r\u00e9 d&rsquo;ici \u00e0 la fin du mercato.<\/p>\n<p class=\"mb-4 text-lg md:leading-8 break-words\">Le FC Nantes souhaite le conserver sauf offre exceptionnelle, comprendre 40 millions d&rsquo;euros qui ne sont pas arriv\u00e9s sur la table. Le d\u00e9brief inhabituel de <a href=\"https:\/\/rmcsport.bfmtv.com\/football\/ligue-1\/video-nantes-si-besoin-on-va-mourir-pour-le-club-previent-luis-castro_VN-202508150282.html\" rel=\"nofollow noopener\" target=\"_blank\" data-ylk=\"slk:Luis Castro;elm:context_link;itc:0;sec:content-canvas\" class=\"link \">Luis Castro<\/a> ne risque pas de d\u00e9tendre l\u2019atmosph\u00e8re. Cet \u00e9pisode pourrait m\u00eame avoir act\u00e9 la rupture totale entre les deux hommes. Difficile aujourd\u2019hui d\u2019imaginer le natif d\u2019Angers poursuivre son aventure en Loire-Atlantique en collaborant avec l\u2019ancien entra\u00eeneur de Dunkerque, \u00e2g\u00e9 de 45 ans.<\/p>\n<p class=\"mb-4 text-lg md:leading-8 break-words\"><a href=\"https:\/\/rmcsport.bfmtv.com\/football\/transferts\/nantes-psg-abline-a-eu-droit-a-un-debrief-muscle-de-la-part-de-castro-dans-le-vestiaire_AV-202508190525.html#xtor=AL-68\" rel=\"nofollow noopener\" target=\"_blank\" data-ylk=\"slk:Article original publi\u00e9 sur RMC Sport;elm:context_link;itc:0;sec:content-canvas\" class=\"link \">Article original publi\u00e9 sur RMC Sport<\/a><\/p>\n","protected":false},"excerpt":{"rendered":"Une sc\u00e8ne inhabituelle a eu lieu dans le vestiaire du FC Nantes, dimanche, apr\u00e8s la d\u00e9faite face au&hellip;\n","protected":false},"author":2,"featured_media":330537,"comment_status":"","ping_status":"","sticky":false,"template":"","format":"standard","meta":{"footnotes":""},"categories":[2818],"tags":[1111,11,21199,1777,674,462,1011,27,88,13295,766,12,2636,93,25,3087],"class_list":{"0":"post-330536","1":"post","2":"type-post","3":"status-publish","4":"format-standard","5":"has-post-thumbnail","7":"category-nantes","8":"tag-actu","9":"tag-actualites","10":"tag-canaris","11":"tag-eu","12":"tag-europe","13":"tag-fc-nantes","14":"tag-fr","15":"tag-france","16":"tag-luis-castro","17":"tag-matthis-abline","18":"tag-nantes","19":"tag-news","20":"tag-pays-de-la-loire","21":"tag-psg","22":"tag-republique-francaise","23":"tag-stade-rennais"},"share_on_mastodon":{"url":"https:\/\/pubeurope.com\/@fr\/115058521054556014","error":""},"_links":{"self":[{"href":"https:\/\/www.europesays.com\/fr\/wp-json\/wp\/v2\/posts\/330536","targetHints":{"allow":["GET"]}}],"collection":[{"href":"https:\/\/www.europesays.com\/fr\/wp-json\/wp\/v2\/posts"}],"about":[{"href":"https:\/\/www.europesays.com\/fr\/wp-json\/wp\/v2\/types\/post"}],"author":[{"embeddable":true,"href":"https:\/\/www.europesays.com\/fr\/wp-json\/wp\/v2\/users\/2"}],"replies":[{"embeddable":true,"href":"https:\/\/www.europesays.com\/fr\/wp-json\/wp\/v2\/comments?post=330536"}],"version-history":[{"count":0,"href":"https:\/\/www.europesays.com\/fr\/wp-json\/wp\/v2\/posts\/330536\/revisions"}],"wp:featuredmedia":[{"embeddable":true,"href":"https:\/\/www.europesays.com\/fr\/wp-json\/wp\/v2\/media\/330537"}],"wp:attachment":[{"href":"https:\/\/www.europesays.com\/fr\/wp-json\/wp\/v2\/media?parent=330536"}],"wp:term":[{"taxonomy":"category","embeddable":true,"href":"https:\/\/www.europesays.com\/fr\/wp-json\/wp\/v2\/categories?post=330536"},{"taxonomy":"post_tag","embeddable":true,"href":"https:\/\/www.europesays.com\/fr\/wp-json\/wp\/v2\/tags?post=330536"}],"curies":[{"name":"wp","href":"https:\/\/api.w.org\/{rel}","templated":true}]}}