{"id":330538,"date":"2025-08-20T01:34:15","date_gmt":"2025-08-20T01:34:15","guid":{"rendered":"https:\/\/www.europesays.com\/fr\/330538\/"},"modified":"2025-08-20T01:34:15","modified_gmt":"2025-08-20T01:34:15","slug":"de-la-dordogne-a-la-gironde-la-riviere-isle-bientot-citoyenne-dhonneur-de-dizaines-de-communes","status":"publish","type":"post","link":"https:\/\/www.europesays.com\/fr\/330538\/","title":{"rendered":"De la Dordogne \u00e0 la Gironde, la rivi\u00e8re Isle bient\u00f4t \u00ab\u00a0citoyenne d\u2019honneur\u00a0\u00bb de dizaines de communes"},"content":{"rendered":"<p>C\u2019est un geste symbolique, mais il fait son chemin. Depuis le mois de juin, les communes du bassin de l\u2019Isle sont invit\u00e9es \u00e0 d\u00e9lib\u00e9rer pour faire de la rivi\u00e8re\u2026 une \u00ab\u00a0citoyenne d\u2019honneur\u00a0\u00bb. Une mani\u00e8re originale, presque po\u00e9tique, de redonner de la place \u00e0 ce cours d\u2019eau discret, souvent \u00e9clips\u00e9 par la Dordogne voisine, mais qui traverse plus de 170 communes entre le P\u00e9rigord et le Libournais. Une quinzaine d\u2019entre elles a d\u00e9j\u00e0 vot\u00e9, d\u2019autres devraient suivre \u00e0 la rentr\u00e9e.<\/p>\n<p>\u00c0 l\u2019origine de l\u2019initiative, deux syndicats de rivi\u00e8re \u2013 le Syndicat mixte interd\u00e9partemental de la vall\u00e9e de l\u2019Isle (Smivi) en amont et le Syndicat mixte du bassin de l\u2019Isle (SMBI) en aval \u2013 \u00e9paul\u00e9s par le collectif Trois tiers. Ensemble, ils ont adress\u00e9 un courrier type \u00e0 chaque commune du bassin de l\u2019Isle, en Dordogne et en Gironde, pour leur proposer cette d\u00e9marche in\u00e9dite. \u00ab\u00a0L\u2019id\u00e9e, c\u2019est de faire rentrer la rivi\u00e8re dans les d\u00e9lib\u00e9rations municipales, alors qu\u2019elle est g\u00e9n\u00e9ralement absente de ces espaces de d\u00e9cision\u00a0\u00bb, explique David Redon, maire de Porch\u00e8res et pr\u00e9sident du Smivi. \u00ab\u00a0On passe dessus, on l\u2019ignore, alors qu\u2019elle structure le territoire.\u00a0\u00bb<\/p>\n<p>\u00ab\u00a0Un bien commun, vital\u00a0\u00bb<\/p>\n<p>Le geste peut para\u00eetre anodin. Il ne l\u2019est pas, selon l\u2019\u00e9lu. \u00ab\u00a0C\u2019est \u00e9videmment symbolique, mais cela dit quelque chose de notre rapport \u00e0 l\u2019environnement. Une rivi\u00e8re, ce n\u2019est pas juste un d\u00e9cor. C\u2019est un bien commun, vital. Faire de l\u2019Isle une citoyenne d\u2019honneur, c\u2019est dire qu\u2019on la reconna\u00eet comme un acteur \u00e0 part enti\u00e8re.\u00a0\u00bb Un message re\u00e7u cinq sur cinq du c\u00f4t\u00e9 de Montagne, o\u00f9 la d\u00e9lib\u00e9ration a \u00e9t\u00e9 adopt\u00e9e sans h\u00e9sitation. \u00ab\u00a0On a trouv\u00e9 que c\u2019\u00e9tait une tr\u00e8s bonne id\u00e9e\u00a0\u00bb, confie la maire, Catherine Henry. \u00ab\u00a0On a la chance d\u2019avoir des ruisseaux, des rivi\u00e8res. Il faut en prendre soin. Je suis toujours sur la notion de soin\u00a0: aux gens, aux choses, aux monuments, \u00e0 la nature. Cette d\u00e9marche y participe.\u00a0\u00bb<\/p>\n<blockquote><p>\u00ab\u00a0C\u2019est \u00e9videmment symbolique, mais cela dit quelque chose de notre rapport \u00e0 l\u2019environnement. Une rivi\u00e8re, ce n\u2019est pas juste un d\u00e9cor\u00a0\u00bb<\/p><\/blockquote>\n<p>\u00c0 Puisseguin, l\u2019\u00e9dile Jean-Michel Pasquon avoue avoir \u00e9t\u00e9 \u00ab\u00a0un peu surpris\u00a0\u00bb par l\u2019id\u00e9e de faire d\u2019une rivi\u00e8re une citoyenne d\u2019honneur. \u00ab\u00a0On a vot\u00e9, mais ce n\u2019est pas ce que je trouve le plus important aujourd\u2019hui. La sant\u00e9, la conjoncture \u00e9conomique, il y a d\u2019autres priorit\u00e9s.\u00a0\u00bb Pour lui, \u00ab\u00a0ce n\u2019est pas une mauvaise initiative\u00a0\u00bb, mais elle gagnerait \u00e0 \u00eatre mieux expliqu\u00e9e\u00a0: \u00ab\u00a0Il faut aller au-del\u00e0 du symbole. Si c\u2019est pour rappeler qu\u2019il faut pr\u00e9server la ressource en eau, alors oui, \u00e7a a du sens. Mais encore faut-il que les gens le comprennent.\u00a0\u00bb<\/p>\n<p>P\u00e9dagogie<\/p>\n<p>Sur ce point, David Redon acquiesce. Le geste n\u2019a d\u2019int\u00e9r\u00eat que s\u2019il est accompagn\u00e9 d\u2019une p\u00e9dagogie. \u00ab\u00a0On ne va pas faire voter la rivi\u00e8re, on n\u2019en est pas l\u00e0, sourit-il. Mais on veut rappeler que si demain il n\u2019y a plus d\u2019eau, plus d\u2019arbres, on ne vit plus. Or, ce sont ces \u00e9l\u00e9ments fondamentaux qui sont les grands oubli\u00e9s de nos politiques locales.\u00a0\u00bb<\/p>\n<p>La proposition s\u2019inscrit dans un ensemble plus large d\u2019actions autour de l\u2019Isle. Elle vient compl\u00e9ter le plan pluriannuel de gestion environnementale \u2013 un document strat\u00e9gique vot\u00e9 cette ann\u00e9e pour les dix prochaines ann\u00e9es, avec 17\u00a0millions d\u2019euros d\u2019investissements \u2013, mais aussi d\u2019autres actions port\u00e9es localement\u00a0: sensibilisation des scolaires, suivis scientifiques de la faune aquatique, projets de restauration des berges ou d\u2019ouverture de continuit\u00e9s \u00e9cologiques, notamment autour des \u00e9cluses et seuils.<\/p>\n<p>Un petit troph\u00e9e<\/p>\n<p>\u00c0 terme, les communes ayant vot\u00e9 la d\u00e9lib\u00e9ration recevront un petit troph\u00e9e, peut-\u00eatre une sculpture en bois ou en pierre, \u00e0 installer dans leur mairie. \u00ab\u00a0C\u2019est modeste, mais visible. Un rappel physique que la rivi\u00e8re existe, qu\u2019elle traverse leur quotidien, poursuit l\u2019\u00e9lu. On ne veut pas qu\u2019elle reste dans l\u2019angle mort.\u00a0\u00bb <\/p>\n<p>\u00c0 partir de septembre, de nombreuses autres localit\u00e9s se pencheront \u00e0 leur tour sur le sujet. \u00ab\u00a0On esp\u00e8re atteindre la trentaine, voire la cinquantaine de d\u00e9lib\u00e9rations d\u2019ici la fin de l\u2019ann\u00e9e\u00a0\u00bb, glisse David Redon. Et si le symbole prend racine, peut-\u00eatre que d\u2019autres territoires s\u2019en inspireront. Apr\u00e8s tout, Paris l\u2019a d\u00e9j\u00e0 fait pour la Seine, Tours pour la Loire, Pau pour le Gave. Pourquoi l\u2019Isle, plus modeste mais tout aussi essentielle, ne m\u00e9riterait-elle pas cet honneur\u00a0?<\/p>\n","protected":false},"excerpt":{"rendered":"C\u2019est un geste symbolique, mais il fait son chemin. Depuis le mois de juin, les communes du bassin&hellip;\n","protected":false},"author":2,"featured_media":330539,"comment_status":"","ping_status":"","sticky":false,"template":"","format":"standard","meta":{"footnotes":""},"categories":[2817],"tags":[1111,11,1997,1777,674,1011,27,12,2219,25],"class_list":{"0":"post-330538","1":"post","2":"type-post","3":"status-publish","4":"format-standard","5":"has-post-thumbnail","7":"category-bordeaux","8":"tag-actu","9":"tag-actualites","10":"tag-bordeaux","11":"tag-eu","12":"tag-europe","13":"tag-fr","14":"tag-france","15":"tag-news","16":"tag-nouvelle-aquitaine","17":"tag-republique-francaise"},"share_on_mastodon":{"url":"https:\/\/pubeurope.com\/@fr\/115058525044215100","error":""},"_links":{"self":[{"href":"https:\/\/www.europesays.com\/fr\/wp-json\/wp\/v2\/posts\/330538","targetHints":{"allow":["GET"]}}],"collection":[{"href":"https:\/\/www.europesays.com\/fr\/wp-json\/wp\/v2\/posts"}],"about":[{"href":"https:\/\/www.europesays.com\/fr\/wp-json\/wp\/v2\/types\/post"}],"author":[{"embeddable":true,"href":"https:\/\/www.europesays.com\/fr\/wp-json\/wp\/v2\/users\/2"}],"replies":[{"embeddable":true,"href":"https:\/\/www.europesays.com\/fr\/wp-json\/wp\/v2\/comments?post=330538"}],"version-history":[{"count":0,"href":"https:\/\/www.europesays.com\/fr\/wp-json\/wp\/v2\/posts\/330538\/revisions"}],"wp:featuredmedia":[{"embeddable":true,"href":"https:\/\/www.europesays.com\/fr\/wp-json\/wp\/v2\/media\/330539"}],"wp:attachment":[{"href":"https:\/\/www.europesays.com\/fr\/wp-json\/wp\/v2\/media?parent=330538"}],"wp:term":[{"taxonomy":"category","embeddable":true,"href":"https:\/\/www.europesays.com\/fr\/wp-json\/wp\/v2\/categories?post=330538"},{"taxonomy":"post_tag","embeddable":true,"href":"https:\/\/www.europesays.com\/fr\/wp-json\/wp\/v2\/tags?post=330538"}],"curies":[{"name":"wp","href":"https:\/\/api.w.org\/{rel}","templated":true}]}}