{"id":330540,"date":"2025-08-20T01:35:24","date_gmt":"2025-08-20T01:35:24","guid":{"rendered":"https:\/\/www.europesays.com\/fr\/330540\/"},"modified":"2025-08-20T01:35:24","modified_gmt":"2025-08-20T01:35:24","slug":"ils-roulent-en-mini-pelle-en-pleine-nuit-a-bordeaux-cinq-jeunes-interpelles-par-la-police","status":"publish","type":"post","link":"https:\/\/www.europesays.com\/fr\/330540\/","title":{"rendered":"Ils roulent en mini-pelle en pleine nuit \u00e0 Bordeaux\u00a0: cinq jeunes interpell\u00e9s par la police"},"content":{"rendered":"<p>Cinq jeunes ont \u00e9t\u00e9 intercept\u00e9s par la police, dans la nuit de lundi \u00e0 dimanche, apr\u00e8s avoir roul\u00e9 en mini-pelle dans le quartier des Chartrons.<\/p>\n<p>La course poursuite n&rsquo;a pas \u00e9t\u00e9 longue. Dans la nuit de ce dimanche 17 \u00e0 ce lundi 18 ao\u00fbt, les policiers de Bordeaux ont \u00e9t\u00e9 appel\u00e9s dans le quartier des Chartrons, rue Notre-Dame. Un groupe de jeunes circulait <strong>en mini-pelle<\/strong>, un petit engin de chantier, en pleine nuit, sur les coups d&rsquo;une heure du matin.<\/p>\n<p>Ils s&rsquo;enfuient en courant<\/p>\n<p>Les cinq jeunes \u00e9taient \u00e0 c\u00f4t\u00e9 de l&rsquo;engin de chantier quand les policiers sont arriv\u00e9s sur place. Ils ont <strong>tent\u00e9 de prendre la fuite<\/strong> en courant mais ont vite \u00e9t\u00e9 rattrap\u00e9s.<\/p>\n<p><strong>Quatre mineurs<\/strong> ont \u00e9t\u00e9 remis \u00e0 leurs parents. Le cinqui\u00e8me jeune, majeur, a lui \u00e9t\u00e9 plac\u00e9 en garde \u00e0 vue.<\/p>\n","protected":false},"excerpt":{"rendered":"Cinq jeunes ont \u00e9t\u00e9 intercept\u00e9s par la police, dans la nuit de lundi \u00e0 dimanche, apr\u00e8s avoir roul\u00e9&hellip;\n","protected":false},"author":2,"featured_media":330541,"comment_status":"","ping_status":"","sticky":false,"template":"","format":"standard","meta":{"footnotes":""},"categories":[2817],"tags":[1111,11,1997,1777,674,1011,27,12,2219,25],"class_list":{"0":"post-330540","1":"post","2":"type-post","3":"status-publish","4":"format-standard","5":"has-post-thumbnail","7":"category-bordeaux","8":"tag-actu","9":"tag-actualites","10":"tag-bordeaux","11":"tag-eu","12":"tag-europe","13":"tag-fr","14":"tag-france","15":"tag-news","16":"tag-nouvelle-aquitaine","17":"tag-republique-francaise"},"share_on_mastodon":{"url":"https:\/\/pubeurope.com\/@fr\/115058529005328488","error":""},"_links":{"self":[{"href":"https:\/\/www.europesays.com\/fr\/wp-json\/wp\/v2\/posts\/330540","targetHints":{"allow":["GET"]}}],"collection":[{"href":"https:\/\/www.europesays.com\/fr\/wp-json\/wp\/v2\/posts"}],"about":[{"href":"https:\/\/www.europesays.com\/fr\/wp-json\/wp\/v2\/types\/post"}],"author":[{"embeddable":true,"href":"https:\/\/www.europesays.com\/fr\/wp-json\/wp\/v2\/users\/2"}],"replies":[{"embeddable":true,"href":"https:\/\/www.europesays.com\/fr\/wp-json\/wp\/v2\/comments?post=330540"}],"version-history":[{"count":0,"href":"https:\/\/www.europesays.com\/fr\/wp-json\/wp\/v2\/posts\/330540\/revisions"}],"wp:featuredmedia":[{"embeddable":true,"href":"https:\/\/www.europesays.com\/fr\/wp-json\/wp\/v2\/media\/330541"}],"wp:attachment":[{"href":"https:\/\/www.europesays.com\/fr\/wp-json\/wp\/v2\/media?parent=330540"}],"wp:term":[{"taxonomy":"category","embeddable":true,"href":"https:\/\/www.europesays.com\/fr\/wp-json\/wp\/v2\/categories?post=330540"},{"taxonomy":"post_tag","embeddable":true,"href":"https:\/\/www.europesays.com\/fr\/wp-json\/wp\/v2\/tags?post=330540"}],"curies":[{"name":"wp","href":"https:\/\/api.w.org\/{rel}","templated":true}]}}