{"id":330543,"date":"2025-08-20T01:37:17","date_gmt":"2025-08-20T01:37:17","guid":{"rendered":"https:\/\/www.europesays.com\/fr\/330543\/"},"modified":"2025-08-20T01:37:17","modified_gmt":"2025-08-20T01:37:17","slug":"toulouse-perd-son-capitaine-vincent-sierro-qui-file-en-arabie-saoudite","status":"publish","type":"post","link":"https:\/\/www.europesays.com\/fr\/330543\/","title":{"rendered":"Toulouse perd son capitaine Vincent Sierro, qui file en Arabie saoudite"},"content":{"rendered":"<p>Le milieu de terrain suisse de 29 ans s\u2019est officiellement engag\u00e9 avec Al-Shabab ce mardi. Il rapportera environ 3 millions d\u2019euros au T\u00e9f\u00e9c\u00e9.<\/p>\n<p class=\"fig-paragraph\">Le T\u00e9f\u00e9c\u00e9 perd l\u2019un de ses tauliers de la saison derni\u00e8re. Vincent Sierro, 29 ans, s\u2019est engag\u00e9 ce mardi dans le club saoudien d\u2019<a href=\"http:\/\/www.lefigaro.fr\/sports\/football\/foot-fatih-terim-devient-le-nouvel-entraineur-d-al-shabab-20241227\" data-fig-type=\"NewsFlash\" data-gtm-custom-categorie=\"navigation\" data-gtm-custom-action=\"crossclick\" data-gtm-custom-label=\"Contextuel\" data-gtm-event=\"customEventSPE\" data-fig-domain=\"LEFIGARO\" target=\"_blank\" rel=\"noopener\">Al-Shabab<\/a>\u00a0pour deux saisons. L\u2019international suisse de 29 ans a disput\u00e9 90 matches \u00e0 Toulouse depuis janvier 2023, pour 12 buts et 7 passes d\u00e9cisives. Son entra\u00eeneur Carles Martinez Novell \u00e9tait m\u00eame all\u00e9 jusqu\u2019\u00e0 lui confier le brassard de capitaine la saison derni\u00e8re,\u00a0<a href=\"https:\/\/www.lefigaro.fr\/sports\/football\/ligue-1\/classement\/2024-2025\" target=\"_blank\" rel=\"sponsored noopener\" data-gtm-custom-categorie=\"navigation\" data-gtm-custom-action=\"crossclick\" data-gtm-custom-label=\"Contextuel\" data-gtm-event=\"customEventSPE\">achev\u00e9e \u00e0 une belle 10e place<\/a>.<\/p>\n<p class=\"fig-paragraph\">Mais le solide milieu de terrain helv\u00e8te \u00e9tait courtis\u00e9 par plusieurs clubs \u00e9trangers cet \u00e9t\u00e9, et il avait d\u00e9cid\u00e9 de partir depuis quelques semaines. Il n\u2019avait d\u2019ailleurs pas pris part \u00e0\u00a0<a href=\"http:\/\/www.lefigaro.fr\/sports\/football\/ligue-1\/ligue-1-piege-par-toulouse-nice-ne-releve-pas-la-tete-20250816\" data-fig-type=\"NewsFlash\" data-gtm-custom-categorie=\"navigation\" data-gtm-custom-action=\"crossclick\" data-gtm-custom-label=\"Contextuel\" data-gtm-event=\"customEventSPE\" data-fig-domain=\"LEFIGARO\" target=\"_blank\" rel=\"noopener\">la victoire des Violets \u00e0 Nice<\/a>\u00a0samedi dernier (1-0). Son transfert rapportera environ 3 millions d\u2019euros \u00e0 Toulouse, qui va devoir se renforcer d\u2019ici la fin du mercato estival apr\u00e8s avoir perdu de nombreux cadres comme\u00a0<a href=\"http:\/\/www.lefigaro.fr\/sports\/football\/transferts\/mercato-aboukhlal-quitte-toulouse-et-rejoint-le-torino-20250729\" data-fig-type=\"NewsFlash\" data-gtm-custom-categorie=\"navigation\" data-gtm-custom-action=\"crossclick\" data-gtm-custom-label=\"Contextuel\" data-gtm-event=\"customEventSPE\" data-fig-domain=\"LEFIGARO\" target=\"_blank\" rel=\"noopener\">Zakaria Aboukhlal<\/a>\u00a0ces derni\u00e8res semaines.<\/p>\n","protected":false},"excerpt":{"rendered":"Le milieu de terrain suisse de 29 ans s\u2019est officiellement engag\u00e9 avec Al-Shabab ce mardi. Il rapportera environ&hellip;\n","protected":false},"author":2,"featured_media":330544,"comment_status":"","ping_status":"","sticky":false,"template":"","format":"standard","meta":{"footnotes":""},"categories":[2816],"tags":[1111,11,1777,674,1011,27,66,1434,12,2680,25,2312,8512],"class_list":{"0":"post-330543","1":"post","2":"type-post","3":"status-publish","4":"format-standard","5":"has-post-thumbnail","7":"category-toulouse","8":"tag-actu","9":"tag-actualites","10":"tag-eu","11":"tag-europe","12":"tag-fr","13":"tag-france","14":"tag-ligue-1","15":"tag-mercato","16":"tag-news","17":"tag-occitanie","18":"tag-republique-francaise","19":"tag-toulouse","20":"tag-toulouse-fc"},"share_on_mastodon":{"url":"https:\/\/pubeurope.com\/@fr\/115058536800336832","error":""},"_links":{"self":[{"href":"https:\/\/www.europesays.com\/fr\/wp-json\/wp\/v2\/posts\/330543","targetHints":{"allow":["GET"]}}],"collection":[{"href":"https:\/\/www.europesays.com\/fr\/wp-json\/wp\/v2\/posts"}],"about":[{"href":"https:\/\/www.europesays.com\/fr\/wp-json\/wp\/v2\/types\/post"}],"author":[{"embeddable":true,"href":"https:\/\/www.europesays.com\/fr\/wp-json\/wp\/v2\/users\/2"}],"replies":[{"embeddable":true,"href":"https:\/\/www.europesays.com\/fr\/wp-json\/wp\/v2\/comments?post=330543"}],"version-history":[{"count":0,"href":"https:\/\/www.europesays.com\/fr\/wp-json\/wp\/v2\/posts\/330543\/revisions"}],"wp:featuredmedia":[{"embeddable":true,"href":"https:\/\/www.europesays.com\/fr\/wp-json\/wp\/v2\/media\/330544"}],"wp:attachment":[{"href":"https:\/\/www.europesays.com\/fr\/wp-json\/wp\/v2\/media?parent=330543"}],"wp:term":[{"taxonomy":"category","embeddable":true,"href":"https:\/\/www.europesays.com\/fr\/wp-json\/wp\/v2\/categories?post=330543"},{"taxonomy":"post_tag","embeddable":true,"href":"https:\/\/www.europesays.com\/fr\/wp-json\/wp\/v2\/tags?post=330543"}],"curies":[{"name":"wp","href":"https:\/\/api.w.org\/{rel}","templated":true}]}}