{"id":330545,"date":"2025-08-20T01:40:01","date_gmt":"2025-08-20T01:40:01","guid":{"rendered":"https:\/\/www.europesays.com\/fr\/330545\/"},"modified":"2025-08-20T01:40:01","modified_gmt":"2025-08-20T01:40:01","slug":"brest-et-lille-se-neutralisent-dans-un-festival-offensif","status":"publish","type":"post","link":"https:\/\/www.europesays.com\/fr\/330545\/","title":{"rendered":"Brest et Lille se neutralisent dans un festival offensif"},"content":{"rendered":"<p class=\"date\">\n                                                            J\u00e9r\u00e9my Ecoffet, Media365, publi\u00e9 le dimanche 17 ao\u00fbt 2025 \u00e0 17h04\n                                                    <\/p>\n<p>En d\u00e9placement \u00e0 Brest, Lille voulait imiter Monaco et Lyon, vainqueurs plut\u00f4t dans le week-end. Il fallait pour cela venir \u00e0 bout d&rsquo;une \u00e9quipe brestoise en confiance apr\u00e8s une pr\u00e9paration quasi-parfaite (cinq victoires et un nul).<\/p>\n<p>Avec une \u00e9quipe largement remani\u00e9e \u00e0 l&rsquo;intersaison, Lille montre malgr\u00e9 tout des choses int\u00e9ressantes sur le d\u00e9but de la partie. Les passes sont fluides et les nouveaux hommes forts du club nordistes semblent d\u00e9j\u00e0 avoir des automatismes. A tel point que Felix Correia se mue en passeur d\u00e9cisif pour Olivier Giroud, chirurgical du pied gauche (0-1, 10 &lsquo;). Lille frappe d&rsquo;entr\u00e9e. Les Brestois semblent endormis et les impr\u00e9cisions sont nombreuses. Sur l&rsquo;une d&rsquo;elle, Chardonnet se manque compl\u00e8tement \u00e0 la ligne m\u00e9diane. Haraldsson profite de l&rsquo;offrande pour aller ajuster le portier brestois (0-2, 28&rsquo;). R\u00e9alisme gla\u00e7ant.<\/p>\n<p>Ce but du break a malgr\u00e9 tout le m\u00e9rite de relancer les Brestois. Ses techniciens Lees-Melou et Del Castillo refont surface et Brest va logiquement revenir au score. Sur un cafouillage dans la surface apr\u00e8s une frappe d&rsquo;Ajorque, Doumbia relance la partie d&rsquo;un plat du pied ma\u00eetris\u00e9 (1-2, 34&prime;).<\/p>\n<p>Le temps fort brestois se poursuit et il faut un tr\u00e8s grand Ozer pour \u00e9viter l&rsquo;\u00e9galisation de Mama Bald\u00e9 dont la frappe vient heurter la barre transversale (43&prime;). C&rsquo;est ensuite au tour de Le Cardinal de nous gratifier d&rsquo;un magnifique ciseau, malheureusement hors-cadre (45+4&prime;).<\/p>\n<p>Une situation confuse<\/p>\n<p>Les Brestois repartent dans la continuit\u00e9 de la fin de la premi\u00e8re p\u00e9riode. Tranchants, ils apportent le danger sur le but nordiste. Ils vont aussi se montrer pr\u00e9cis. D\u00e9j\u00e0 buteur en premi\u00e8re p\u00e9riode, Doumbia s&rsquo;offre un doubl\u00e9 d&rsquo;une magnifique frappe enroul\u00e9e. Son ballon termine dans la lucarne lilloise (2-2, 51&prime;). Revigor\u00e9s, les Brestois veulent enfoncer le clou mais ils vont se faire surprendre sur une situation brouillonne probablement entach\u00e9e d&rsquo;une faute d&rsquo;arbitrage. Sur un corner, l&rsquo;arbitre de touche l\u00e8ve son drapeau pour un ballon sorti en dehors du terrain. Les Brestois s&rsquo;arr\u00eatent mais l&rsquo;action se poursuit avec Mukau qui h\u00e9rite du ballon devant le but brestois. Il redonne l&rsquo;avantage aux Lillois (2-3, 66&prime;). Apr\u00e8s visionnage de la situation, Mr Turpin contredit son assistant et valide le but. Les Brestois s&#8217;emportent et posent une r\u00e9serve technique. Frustr\u00e9s mais pas abattus, les hommes de Roy retrouvent leur calme et profitent d&rsquo;un alignement approximatif de la d\u00e9fense nordiste. Le Cardinal se permet un magnifique contr\u00f4le de la poitrine avant de reprendre en demi-vol\u00e9e (3-3, 75&prime;). Derri\u00e8re, Bouaddi va se procurer la balle de match. Etrangement seul dans la surface brestoise, le milieu de terrain lillois tombe sur un \u00e9norme Majecki (90+4&prime;).<\/p>\n<p>Ainsi, Brest et Lille se quittent dos \u00e0 dos dans un match fou marqu\u00e9 par une situation arbitrale confuse. Quoi qu&rsquo;il en soit, les Lillois pourront regretter leur double avantage au score. Brest a fait preuve de caract\u00e8re pour accrocher un nul m\u00e9rit\u00e9.<\/p>\n","protected":false},"excerpt":{"rendered":"J\u00e9r\u00e9my Ecoffet, Media365, publi\u00e9 le dimanche 17 ao\u00fbt 2025 \u00e0 17h04 En d\u00e9placement \u00e0 Brest, Lille voulait imiter&hellip;\n","protected":false},"author":2,"featured_media":330546,"comment_status":"","ping_status":"","sticky":false,"template":"","format":"standard","meta":{"footnotes":""},"categories":[2815],"tags":[1111,11,1777,674,1011,27,811,1307,12,25],"class_list":{"0":"post-330545","1":"post","2":"type-post","3":"status-publish","4":"format-standard","5":"has-post-thumbnail","7":"category-lille","8":"tag-actu","9":"tag-actualites","10":"tag-eu","11":"tag-europe","12":"tag-fr","13":"tag-france","14":"tag-hauts-de-france","15":"tag-lille","16":"tag-news","17":"tag-republique-francaise"},"share_on_mastodon":{"url":"https:\/\/pubeurope.com\/@fr\/115058548591047252","error":""},"_links":{"self":[{"href":"https:\/\/www.europesays.com\/fr\/wp-json\/wp\/v2\/posts\/330545","targetHints":{"allow":["GET"]}}],"collection":[{"href":"https:\/\/www.europesays.com\/fr\/wp-json\/wp\/v2\/posts"}],"about":[{"href":"https:\/\/www.europesays.com\/fr\/wp-json\/wp\/v2\/types\/post"}],"author":[{"embeddable":true,"href":"https:\/\/www.europesays.com\/fr\/wp-json\/wp\/v2\/users\/2"}],"replies":[{"embeddable":true,"href":"https:\/\/www.europesays.com\/fr\/wp-json\/wp\/v2\/comments?post=330545"}],"version-history":[{"count":0,"href":"https:\/\/www.europesays.com\/fr\/wp-json\/wp\/v2\/posts\/330545\/revisions"}],"wp:featuredmedia":[{"embeddable":true,"href":"https:\/\/www.europesays.com\/fr\/wp-json\/wp\/v2\/media\/330546"}],"wp:attachment":[{"href":"https:\/\/www.europesays.com\/fr\/wp-json\/wp\/v2\/media?parent=330545"}],"wp:term":[{"taxonomy":"category","embeddable":true,"href":"https:\/\/www.europesays.com\/fr\/wp-json\/wp\/v2\/categories?post=330545"},{"taxonomy":"post_tag","embeddable":true,"href":"https:\/\/www.europesays.com\/fr\/wp-json\/wp\/v2\/tags?post=330545"}],"curies":[{"name":"wp","href":"https:\/\/api.w.org\/{rel}","templated":true}]}}