{"id":330547,"date":"2025-08-20T01:41:13","date_gmt":"2025-08-20T01:41:13","guid":{"rendered":"https:\/\/www.europesays.com\/fr\/330547\/"},"modified":"2025-08-20T01:41:13","modified_gmt":"2025-08-20T01:41:13","slug":"lepopee-des-beatles-revisitee-a-maison-blanche-pour-la-tournee-dete-de-la-marseillaise","status":"publish","type":"post","link":"https:\/\/www.europesays.com\/fr\/330547\/","title":{"rendered":"L\u2019\u00e9pop\u00e9e des Beatles revisit\u00e9e \u00e0 Maison Blanche pour la tourn\u00e9e d\u2019\u00e9t\u00e9 de La Marseillaise"},"content":{"rendered":"\n<p>Des gar\u00e7ons dans le vent attendent le public, jeudi soir, dans le cadre enchanteur de Maison Blanche, berceau de la mairie des 9e et 10e\u00a0arrondissements de Marseille pour l\u2019avant-derni\u00e8re date de la tourn\u00e9e d\u2019\u00e9t\u00e9 de La\u00a0Marseillaise. Pour enflammer la piste de danse, le groupe \u00ab\u00a0Get The Beatles Back\u00a0\u00bb, compos\u00e9 de quatre musiciens et chanteurs, vont faire revivre la r\u00e9volutionnaire \u00e9pop\u00e9e musicale des Beatles \u00e0 travers plus de 2h de concert.<\/p>\n<p>Grands standards<\/p>\n<p>De \u00ab\u00a0Twist and Shout\u00a0\u00bb \u00e0 \u00ab\u00a0Help\u00a0!\u00a0\u00bb, en passant par \u00ab\u00a0Yesterday\u00a0\u00bb et \u00ab\u00a0Ticket to Ride\u00a0\u00bb, les grands standards des quatre gar\u00e7ons de Liverpool vont r\u00e9sonner \u00e0 Marseille.<\/p>\n<p>Maison Blanche, 150 Boulevard Paul Claudel, Marseille 9e, \u00e0 partir de 19h30, gratuit.<\/p>\n","protected":false},"excerpt":{"rendered":"Des gar\u00e7ons dans le vent attendent le public, jeudi soir, dans le cadre enchanteur de Maison Blanche, berceau&hellip;\n","protected":false},"author":2,"featured_media":330548,"comment_status":"","ping_status":"","sticky":false,"template":"","format":"standard","meta":{"footnotes":""},"categories":[2814],"tags":[1111,11,1777,674,1011,27,884,12,882,25,38445],"class_list":{"0":"post-330547","1":"post","2":"type-post","3":"status-publish","4":"format-standard","5":"has-post-thumbnail","7":"category-marseille","8":"tag-actu","9":"tag-actualites","10":"tag-eu","11":"tag-europe","12":"tag-fr","13":"tag-france","14":"tag-marseille","15":"tag-news","16":"tag-provence-alpes-cote-dazur","17":"tag-republique-francaise","18":"tag-tournee-dete-la-marseillaise"},"share_on_mastodon":{"url":"https:\/\/pubeurope.com\/@fr\/115058552569315676","error":""},"_links":{"self":[{"href":"https:\/\/www.europesays.com\/fr\/wp-json\/wp\/v2\/posts\/330547","targetHints":{"allow":["GET"]}}],"collection":[{"href":"https:\/\/www.europesays.com\/fr\/wp-json\/wp\/v2\/posts"}],"about":[{"href":"https:\/\/www.europesays.com\/fr\/wp-json\/wp\/v2\/types\/post"}],"author":[{"embeddable":true,"href":"https:\/\/www.europesays.com\/fr\/wp-json\/wp\/v2\/users\/2"}],"replies":[{"embeddable":true,"href":"https:\/\/www.europesays.com\/fr\/wp-json\/wp\/v2\/comments?post=330547"}],"version-history":[{"count":0,"href":"https:\/\/www.europesays.com\/fr\/wp-json\/wp\/v2\/posts\/330547\/revisions"}],"wp:featuredmedia":[{"embeddable":true,"href":"https:\/\/www.europesays.com\/fr\/wp-json\/wp\/v2\/media\/330548"}],"wp:attachment":[{"href":"https:\/\/www.europesays.com\/fr\/wp-json\/wp\/v2\/media?parent=330547"}],"wp:term":[{"taxonomy":"category","embeddable":true,"href":"https:\/\/www.europesays.com\/fr\/wp-json\/wp\/v2\/categories?post=330547"},{"taxonomy":"post_tag","embeddable":true,"href":"https:\/\/www.europesays.com\/fr\/wp-json\/wp\/v2\/tags?post=330547"}],"curies":[{"name":"wp","href":"https:\/\/api.w.org\/{rel}","templated":true}]}}