{"id":330549,"date":"2025-08-20T01:42:10","date_gmt":"2025-08-20T01:42:10","guid":{"rendered":"https:\/\/www.europesays.com\/fr\/330549\/"},"modified":"2025-08-20T01:42:10","modified_gmt":"2025-08-20T01:42:10","slug":"marseille-vers-la-culture-du-futur-avec-le-maraichage","status":"publish","type":"post","link":"https:\/\/www.europesays.com\/fr\/330549\/","title":{"rendered":"MARSEILLE : Vers la culture du futur avec l\u2019e-Mara\u00eechage"},"content":{"rendered":"<p><strong>Le projet d\u2019e-Mara\u00eechage vise \u00e0 produire de l\u2019\u00e9nergie \u00ab propre \u00bb (z\u00e9ro carbone) avec des panneaux solaires, la stocker gr\u00e2ce \u00e0 des batteries et l\u2019utiliser dans le cadre d\u2019une irrigation optimis\u00e9e et d\u2019une m\u00e9canisation \u00e9lectrique pour subvenir aux besoins de l\u2019exploitation mara\u00eech\u00e8re.<\/strong><\/p>\n<p>David GALTIER, Conseiller r\u00e9gional, repr\u00e9sentant Renaud MUSELIER, Pr\u00e9sident de la R\u00e9gion Provence-Alpes-C\u00f4te d\u2019Azur, a remis les troph\u00e9es aux laur\u00e9ats de la 3\u00e8me \u00e9dition du Concours \u00ab Les Etoiles de l\u2019Europe en R\u00e9gion Sud \u00bb qui valorisent les initiatives exemplaires financ\u00e9es par les fonds europ\u00e9ens.<\/p>\n<p>Ces troph\u00e9es distinguent des acteurs engag\u00e9s, chercheurs, entrepreneurs, collectivit\u00e9s ou associations, qui, par leurs initiatives, font le pari de l\u2019Europe et en deviennent les ambassadeurs du quotidien sur l\u2019ensemble du territoire r\u00e9gional. La R\u00e9gion Provence-Alpes-C\u00f4te d\u2019Azur illustre un savoir-faire exemplaire et se place dans le top 10 des R\u00e9gions europ\u00e9ennes pour la consommation des fonds europ\u00e9ens. Pour la p\u00e9riode 2021-2027, l\u2019objectif est d\u2019atteindre\u00a0<strong>10 milliards d\u2019\u20ac<\/strong> de captation.<\/p>\n<p>Ce projet est innovant en ce qu\u2019il vise une autosuffisance \u00e9nerg\u00e9tique en \u00e9nergie renouvelable encore peu pratiqu\u00e9e en agriculture, en particulier sur des productions mara\u00eech\u00e8res de moyenne surface. La configuration du stockage \u00e9nerg\u00e9tique est une innovation technologique majeure du projet. Elle allie le principal besoin en \u00e9nergie \u2013 l\u2019arrosage \u2013 avec celui de la m\u00e9canisation par un e-tracteur (motorisation 100 % \u00e9lectrique).<\/p>\n<p><strong>R\u00e9alisations concr\u00e8tes<\/strong><br \/>\u2013 La configuration et l\u2019installation du syst\u00e8me et l\u2019automatisation de l\u2019arrosage conduisant \u00e0 un contr\u00f4le de la distribution en eau et \u00e0 l\u2019utilisation du tracteur \u00e9lectrique.<br \/>\u2013 La valorisation du projet notamment aupr\u00e8s du D\u00e9partement des Alpes-Maritimes (projet de ferme d\u00e9partementale \u00e0 Opio), de la Chambre d\u2019Agriculture des Alpes-Maritimes, du Centre de Formation Professionnelle et de Promotion Agricole (CFPPA) d\u2019Antibes et d\u2019une \u00e9quipe de mara\u00eechage togolaise.<\/p>\n<p><strong>Fiche d\u2019identit\u00e9 du projet<\/strong><br \/>\u2013 Programme : FEADER<br \/>\u2013 B\u00e9n\u00e9ficiaire : Les Petits loups mara\u00eechers<br \/>\u2013 Lieu : Alpes-Maritimes (06)<br \/>\u2013 Co\u00fbt total : 101 981 \u20ac<br \/>\u2013 Montant du financement europ\u00e9en : 54 776 \u20ac<br \/>\u2013 Cofinancement : R\u00e9gion Sud<br \/>\u2013 Thierry DUMONTEL, Pr\u00e9sident, <a href=\"https:\/\/presseagence.fr\/marseille-vers-la-culture-du-futur-avec-le-maraichage\/mailto:thierry.dumontel06@gmail.com\" target=\"_blank\" rel=\"noopener nofollow\">thierry.dumontel06@gmail.com<\/a><\/p>\n<p><strong>En savoir plus sur le projet<\/strong><br \/>\u2013\u00a0<a href=\"https:\/\/meeed.fr\/\" target=\"_blank\" rel=\"noopener nofollow\" data-saferedirecturl=\"https:\/\/www.google.com\/url?q=https:\/\/meeed.fr&amp;source=gmail&amp;ust=1754917596351000&amp;usg=AOvVaw07xyTJOumrbfLtn08ABosG\">Les Petits loups mara\u00eechers<\/a><br \/>\u2013\u00a0<a href=\"https:\/\/meeed.fr\/\" target=\"_blank\" rel=\"noopener nofollow\" data-saferedirecturl=\"https:\/\/www.google.com\/url?q=https:\/\/meeed.fr&amp;source=gmail&amp;ust=1754917596351000&amp;usg=AOvVaw07xyTJOumrbfLtn08ABosG\">Visionnez le projet en images<\/a><\/p>\n<p>Source : Les Etoiles de l\u2019Europe en R\u00e9gion Sud.<\/p>\n","protected":false},"excerpt":{"rendered":"Le projet d\u2019e-Mara\u00eechage vise \u00e0 produire de l\u2019\u00e9nergie \u00ab propre \u00bb (z\u00e9ro carbone) avec des panneaux solaires, la&hellip;\n","protected":false},"author":2,"featured_media":310607,"comment_status":"","ping_status":"","sticky":false,"template":"","format":"standard","meta":{"footnotes":""},"categories":[2814],"tags":[1111,11,1777,674,1011,27,884,12,882,25],"class_list":{"0":"post-330549","1":"post","2":"type-post","3":"status-publish","4":"format-standard","5":"has-post-thumbnail","7":"category-marseille","8":"tag-actu","9":"tag-actualites","10":"tag-eu","11":"tag-europe","12":"tag-fr","13":"tag-france","14":"tag-marseille","15":"tag-news","16":"tag-provence-alpes-cote-dazur","17":"tag-republique-francaise"},"share_on_mastodon":{"url":"https:\/\/pubeurope.com\/@fr\/115058556533281818","error":""},"_links":{"self":[{"href":"https:\/\/www.europesays.com\/fr\/wp-json\/wp\/v2\/posts\/330549","targetHints":{"allow":["GET"]}}],"collection":[{"href":"https:\/\/www.europesays.com\/fr\/wp-json\/wp\/v2\/posts"}],"about":[{"href":"https:\/\/www.europesays.com\/fr\/wp-json\/wp\/v2\/types\/post"}],"author":[{"embeddable":true,"href":"https:\/\/www.europesays.com\/fr\/wp-json\/wp\/v2\/users\/2"}],"replies":[{"embeddable":true,"href":"https:\/\/www.europesays.com\/fr\/wp-json\/wp\/v2\/comments?post=330549"}],"version-history":[{"count":0,"href":"https:\/\/www.europesays.com\/fr\/wp-json\/wp\/v2\/posts\/330549\/revisions"}],"wp:featuredmedia":[{"embeddable":true,"href":"https:\/\/www.europesays.com\/fr\/wp-json\/wp\/v2\/media\/310607"}],"wp:attachment":[{"href":"https:\/\/www.europesays.com\/fr\/wp-json\/wp\/v2\/media?parent=330549"}],"wp:term":[{"taxonomy":"category","embeddable":true,"href":"https:\/\/www.europesays.com\/fr\/wp-json\/wp\/v2\/categories?post=330549"},{"taxonomy":"post_tag","embeddable":true,"href":"https:\/\/www.europesays.com\/fr\/wp-json\/wp\/v2\/tags?post=330549"}],"curies":[{"name":"wp","href":"https:\/\/api.w.org\/{rel}","templated":true}]}}