{"id":330550,"date":"2025-08-20T01:43:18","date_gmt":"2025-08-20T01:43:18","guid":{"rendered":"https:\/\/www.europesays.com\/fr\/330550\/"},"modified":"2025-08-20T01:43:18","modified_gmt":"2025-08-20T01:43:18","slug":"a-lyon-une-manifestation-de-soutien-a-lukraine-le-24-aout","status":"publish","type":"post","link":"https:\/\/www.europesays.com\/fr\/330550\/","title":{"rendered":"\u00c0 Lyon, une manifestation de soutien \u00e0 l&rsquo;Ukraine le 24 ao\u00fbt"},"content":{"rendered":"<p class=\"wp-block-post-excerpt__excerpt\">\u00c0 l\u2019occasion du 34\u1d49 anniversaire de l\u2019ind\u00e9pendance de l\u2019Ukraine, une manifestation se tiendra dimanche 24 ao\u00fbt \u00e0 Lyon. Un moment de solidarit\u00e9 pour t\u00e9moigner du soutien au peuple ukrainien, qui r\u00e9siste depuis plus de trois ans \u00e0 l\u2019invasion russe. <\/p>\n<p class=\"font-sans\">\n\t\t\tCet article est en acc\u00e8s libre. Pour soutenir Rue89 Lyon,<br \/>\n\t\t\t<a class=\"underline\" href=\"https:\/\/www.rue89lyon.fr\/abonnement\/\" target=\"_blank\" rel=\"noopener\">abonnez-vous<\/a>.\n\t\t<\/p>\n<p>Rue89Lyon<\/p>\n<p>Publi\u00e9 le 19 ao\u00fbt 2025\u00a0\u00a0\u00b7\u00a0\u00a0<\/p>\n<p>Imprim\u00e9 le 20 ao\u00fbt 2025 \u00e0 03h43\u00a0\u00a0\u00b7\u00a0\u00a0<\/p>\n<p>\t\t\t\t\t2\u00a0minutes\n<\/p>\n<p>C\u2019est une date qui reste hautement symbolique pour les Ukrainiens. Il y a 34 ans, le 24 ao\u00fbt 1991, le Parlement proclamait l\u2019ind\u00e9pendance du pays face \u00e0 l\u2019Union sovi\u00e9tique.\u00a0<\/p>\n<p>Un souvenir teint\u00e9 d\u2019amertume aujourd\u2019hui, alors que depuis plus de trois ans et demi, la Russie m\u00e8ne une guerre d\u2019invasion, ponctu\u00e9e de frappes r\u00e9guli\u00e8res contre les civils et les infrastructures vitales du pays. Une situation qui demeure critique pour la population \u00e9tant donn\u00e9 qu\u2019aucune issue politique durable n\u2019a encore \u00e9t\u00e9 trouv\u00e9e au conflit.<\/p>\n<p>Pour marquer cette date, plusieurs collectifs, Libert\u00e9 pour l\u2019Ukraine, Lyon Ukraine, Culture Ukraine et Comit\u00e9 Ukraine 33, appellent \u00e0 un rassemblement dimanche 24 ao\u00fbt \u00e0 partir de 18\u00a0h\u00a030. Le cort\u00e8ge partira de la place des Terreaux (Lyon 1er) pour rejoindre la place Bellecour. Des prises de parole, des temps musicaux et des pri\u00e8res seront \u00e9galement pr\u00e9vues au cours de la manifestation.\u00a0<\/p>\n<p>Cette mobilisation vise \u00e0 comm\u00e9morer l\u2019ind\u00e9pendance du pays, mais aussi \u00e0 rappeler l\u2019existence d\u2019un conflit qui s\u2019enlise depuis plus de trois ans.<\/p>\n<blockquote class=\"wp-block-quote is-layout-flow wp-block-quote-is-layout-flow\">\n<p>\u00ab\u00a0Lors des premi\u00e8res mobilisations, nous \u00e9tions entre 2 000 et 3 000 participants. Trois ans plus tard, dans le contexte international actuel, il est plus difficile de rassembler. Mais notre objectif reste le m\u00eame : rappeler l\u2019histoire de l\u2019Ukraine, alerter sur les enjeux de s\u00e9curit\u00e9 auxquels le peuple ukrainien fait face et d\u00e9noncer les crimes contre l\u2019humanit\u00e9 qu\u2019ils subissent \u00bb, confie Mykola Cuzin, pr\u00e9sident du Comit\u00e9 Ukraine 33.<\/p>\n<\/blockquote>\n<p>\u00c0 lire sur Rue89Lyon<\/p>\n<p>\t\tManifestation \u00e0 Lyon : une situation sans issue au d\u00e9triment des Ukrainiens <\/p>\n<p>Depuis quelques semaines, l\u2019actualit\u00e9 internationale au sujet de ce conflit conna\u00eet une intensification notable. <\/p>\n<p>Alors que l\u2019arm\u00e9e russe occupe environ 20 % du territoire ukrainien, le vendredi 15 ao\u00fbt, des n\u00e9gociations ont eu lieu entre le pr\u00e9sident russe Vladimir Poutine et le pr\u00e9sident des \u00c9tats-Unis, Donald Trump dans la r\u00e9gion d\u2019Anchorage, en Alaska. Le pr\u00e9sident ukrainien Volodymyr Zelensky, principal concern\u00e9, n\u2019y a pas \u00e9t\u00e9 convi\u00e9.\u00a0<\/p>\n<p>Si l\u2019objectif affich\u00e9 \u00e9tait de trouver une issue au conflit, les discussions se sont achev\u00e9es <a href=\"https:\/\/rue89lyonteam.slack.com\/archives\/D093M54Q8SZ\/p1755612622658659\" target=\"_blank\" rel=\"noreferrer noopener\">sans avanc\u00e9e concr\u00e8te<\/a>.<\/p>\n<p>\u00c0 l\u2019issue du sommet, le chef du gouvernement am\u00e9ricain a \u00e9cart\u00e9 l\u2019id\u00e9e d\u2019un simple cessez-le-feu, appelant plut\u00f4t \u00e0 un \u00ab accord de paix \u00bb. Trois jours plus tard, le lundi 18 ao\u00fbt, lors d\u2019une entrevue, le pr\u00e9sident ukrainien a rencontr\u00e9 Donald Trump o\u00f9 ce dernier a r\u00e9affirm\u00e9 son engagement dans la s\u00e9curit\u00e9 de l\u2019Ukraine, en collaboration avec l\u2019Union europ\u00e9enne. Il a notamment annonc\u00e9 vouloir organiser une rencontre tripartite avec le chef de l\u2019\u00c9tat russe. Selon le chancelier allemand Friedrich Merz, elle pourrait avoir lieu d\u2019ici \u00e0 deux semaines. <\/p>\n<p>Rien n\u2019est encore d\u00e9cid\u00e9. Les n\u00e9gociations sont toujours en cours au sujet d\u2019un \u00e9ventuel arr\u00eat du conflit, mais \u00e0 quelles conditions pour l\u2019Ukraine ? <\/p>\n","protected":false},"excerpt":{"rendered":"\u00c0 l\u2019occasion du 34\u1d49 anniversaire de l\u2019ind\u00e9pendance de l\u2019Ukraine, une manifestation se tiendra dimanche 24 ao\u00fbt \u00e0 Lyon.&hellip;\n","protected":false},"author":2,"featured_media":330551,"comment_status":"","ping_status":"","sticky":false,"template":"","format":"standard","meta":{"footnotes":""},"categories":[1889],"tags":[1111,11,2430,1777,674,1011,27,2428,2088,12,25,104],"class_list":{"0":"post-330550","1":"post","2":"type-post","3":"status-publish","4":"format-standard","5":"has-post-thumbnail","7":"category-lyon","8":"tag-actu","9":"tag-actualites","10":"tag-auvergne-rhone-alpes","11":"tag-eu","12":"tag-europe","13":"tag-fr","14":"tag-france","15":"tag-lyon","16":"tag-manifestation","17":"tag-news","18":"tag-republique-francaise","19":"tag-societe"},"share_on_mastodon":{"url":"https:\/\/pubeurope.com\/@fr\/115058560539375814","error":""},"_links":{"self":[{"href":"https:\/\/www.europesays.com\/fr\/wp-json\/wp\/v2\/posts\/330550","targetHints":{"allow":["GET"]}}],"collection":[{"href":"https:\/\/www.europesays.com\/fr\/wp-json\/wp\/v2\/posts"}],"about":[{"href":"https:\/\/www.europesays.com\/fr\/wp-json\/wp\/v2\/types\/post"}],"author":[{"embeddable":true,"href":"https:\/\/www.europesays.com\/fr\/wp-json\/wp\/v2\/users\/2"}],"replies":[{"embeddable":true,"href":"https:\/\/www.europesays.com\/fr\/wp-json\/wp\/v2\/comments?post=330550"}],"version-history":[{"count":0,"href":"https:\/\/www.europesays.com\/fr\/wp-json\/wp\/v2\/posts\/330550\/revisions"}],"wp:featuredmedia":[{"embeddable":true,"href":"https:\/\/www.europesays.com\/fr\/wp-json\/wp\/v2\/media\/330551"}],"wp:attachment":[{"href":"https:\/\/www.europesays.com\/fr\/wp-json\/wp\/v2\/media?parent=330550"}],"wp:term":[{"taxonomy":"category","embeddable":true,"href":"https:\/\/www.europesays.com\/fr\/wp-json\/wp\/v2\/categories?post=330550"},{"taxonomy":"post_tag","embeddable":true,"href":"https:\/\/www.europesays.com\/fr\/wp-json\/wp\/v2\/tags?post=330550"}],"curies":[{"name":"wp","href":"https:\/\/api.w.org\/{rel}","templated":true}]}}