{"id":330553,"date":"2025-08-20T01:45:23","date_gmt":"2025-08-20T01:45:23","guid":{"rendered":"https:\/\/www.europesays.com\/fr\/330553\/"},"modified":"2025-08-20T01:45:23","modified_gmt":"2025-08-20T01:45:23","slug":"plus-de-1000-trafiquants-de-crack-interpelles-en-ile-de-france-en-2024","status":"publish","type":"post","link":"https:\/\/www.europesays.com\/fr\/330553\/","title":{"rendered":"Plus de 1000 trafiquants de crack interpell\u00e9s en \u00cele-de-France en 2024"},"content":{"rendered":"<p>Au moins 800 consommateurs ont par ailleurs quitt\u00e9 l\u2019espace public l\u2019an dernier, ont annonc\u00e9 ce mardi les autorit\u00e9s en charge du \u00abplan crack\u00bb, qui se f\u00e9licitent d\u2019un \u00abbilan positif\u00bb et s\u2019appr\u00eatent \u00e0 d\u00e9ployer de nouvelles actions.<\/p>\n<p class=\"fig-paragraph\">En \u00cele-de-France l\u2019an dernier, ce sont plus de 800 consommateurs de crack qui ont quitt\u00e9 l\u2019espace public pour d\u00e9marrer un parcours de soins. Un an apr\u00e8s l\u2019engagement de l\u2019\u00e9tape 2 du \u00ab Plan crack\u00a0\u00bb, ses six pilotes &#8211; la pr\u00e9fecture de r\u00e9gion, la pr\u00e9fecture de Police, la mairie de Paris, la procureure de Paris, l\u2019Agence r\u00e9gionale de sant\u00e9 \u00cele-de-France et la Mission interminist\u00e9rielle de lutte contre les drogues et les conduites addictives (MILDECA) &#8211; ont dress\u00e9 ce mardi un \u00abbilan positif\u00bb et annonc\u00e9 le \u00abd\u00e9ploiement de nouvelles actions visant \u00e0 encore amplifier les efforts engag\u00e9s depuis plus de cinq ans\u00bb. M\u00eame si l\u2019\u00abapaisement de l\u2019espace public\u00bb est encore loin d\u2019\u00eatre atteint partout dans la capitale, notamment dans le 19e arrondissement&#8230;<\/p>\n<p class=\"fig-paragraph\">La \u00abpr\u00e9sence continue des forces de l\u2019ordre\u00bb, conjugu\u00e9e \u00e0 l\u2019\u00ab\u00e9viction des consommateurs des secteurs sensibles du nord-est parisien\u00bb (Stalingrad, \u00c9ole, Porte de la Chapelle, Rosa Parks, quais du Canal de l\u2019Ourcq), a permis d\u2019emp\u00eacher toute r\u00e9implantation ou relocalisation d\u2019une sc\u00e8ne d\u2019ampleur, comme celle du square Forceval, pr\u00e8s de la porte de la Villette, d\u00e9mantel\u00e9e en octobre 2022, a soulign\u00e9 le pr\u00e9fet de police Laurent Nunez. \u00abNous interpellons \u00e9norm\u00e9ment de vendeurs, qui ont de plus en plus de mal \u00e0 trouver des consommateurs, puisqu\u2019ils sont eux-m\u00eames de plus en plus dispers\u00e9s\u00bb, a-t-il fait valoir.<\/p>\n<p>                                    <a class=\"fig-a11y-skip a11y-hidden\" href=\"#fig-a11y-skip-main-inarticle\"><br \/>\n        Passer la publicit\u00e9<br \/>\n    <\/a><\/p>\n<p class=\"fig-paragraph\">M\u00eame s\u2019il y en a \u00abbeaucoup moins qu\u2019auparavant\u00bb, a insist\u00e9 Laurent Nunez, il demeure \u00abdes secteurs sensibles o\u00f9 la pr\u00e9sence quotidienne renforc\u00e9e des forces de l\u2019ordre est n\u00e9cessaire pour le maintien de la s\u00e9curit\u00e9 publique\u00bb. \u00c0 la fronti\u00e8re du 19e et d\u2019Aubervilliers, en Seine-Saint-Denis, de nombreux toxicomanes errent encore dans les rues, \u00e0 tel point que\u00a0<a href=\"http:\/\/www.lefigaro.fr\/faits-divers\/si-je-crie-il-y-a-quelqu-un-pas-loin-a-paris-des-salaries-escortes-par-des-vigiles-dans-un-quartier-mine-par-la-toxicomanie-20241103\" data-fig-type=\"Article\" data-gtm-custom-categorie=\"navigation\" data-gtm-custom-action=\"crossclick\" data-gtm-custom-label=\"Contextuel\" data-gtm-event=\"customEventSPE\" data-fig-domain=\"LEFIGARO\" rel=\"nofollow noopener\" target=\"_blank\">des entreprises proposent \u00e0 leurs salari\u00e9s d\u2019\u00eatre raccompagn\u00e9s<\/a>\u00a0par un vigile du bureau jusqu\u2019au RER&#8230;<\/p>\n<p>1 141 trafiquants interpell\u00e9s en 2024<\/p>\n<p class=\"fig-paragraph\">La pr\u00e9fecture de police a par ailleurs cr\u00e9\u00e9 un Groupe de Partenariat Op\u00e9rationnel (GPO) d\u00e9di\u00e9 au crack, qui consiste \u00e0 cibler les probl\u00e9matiques les plus pr\u00e9gnantes, et \u00e0 les traiter coll\u00e9gialement. En 2024, 1 141 trafiquants ont \u00e9t\u00e9 interpell\u00e9s, 23 cuisines de crack ont \u00e9t\u00e9 d\u00e9mantel\u00e9es et 26 trafiquants reconduits \u00e0 la fronti\u00e8re.<\/p>\n<p class=\"fig-paragraph\">C\u00f4t\u00e9 justice, \u00able parquet de Paris a d\u00e9velopp\u00e9 une r\u00e9ponse p\u00e9nale de tr\u00e8s haute intensit\u00e9\u00bb, a affirm\u00e9 la procureure Laure Beccuau. \u00abNous nous sommes int\u00e9ress\u00e9s aussi bien aux usagers qu\u2019aux trafiquants, a-t-elle pr\u00e9cis\u00e9. Ces derniers font l\u2019objet d\u2019un d\u00e9f\u00e8rement syst\u00e9matique, principalement en vue d\u2019une comparution imm\u00e9diate\u00bb, ou d\u2019une information judiciaire pour les trafics les plus importants. Deux d\u00e9f\u00e8rements par jour au sein du parquet de Paris concernent le trafic de crack. En 2024, 362 consommateurs ont pu b\u00e9n\u00e9ficier d\u2019une injonction th\u00e9rapeutique, 43 personnes ont \u00e9t\u00e9 d\u00e9f\u00e9r\u00e9es en vue d\u2019une comparution sur reconnaissance pr\u00e9alable de culpabilit\u00e9 pour des faits de trafic, et 285 autres ont \u00e9t\u00e9 jug\u00e9es en comparution imm\u00e9diate.<\/p>\n<p>\u00abQuand les pouvoirs publics travaillent ensemble, \u00e7a fonctionne!\u00bb<\/p>\n<p class=\"fig-paragraph\">Afin de renforcer \u00abla m\u00e9diation dans l\u2019espace public\u00bb, l\u2019\u00e9quipe de l\u2019unit\u00e9 d\u2019assistance aux sans-abri (UASA) d\u00e9di\u00e9e aux consommateurs de drogue en errance au sein de la police municipale parisienne, a accueilli trois nouveaux bin\u00f4mes, qui se relaient sur le terrain depuis janvier. L\u2019offre de service de l\u2019espace de repos de la Porte de la Chapelle a \u00e9t\u00e9 \u00abfortement renforc\u00e9e\u00bb: il est d\u00e9sormais ouvert 7 jours sur 7, sur des horaires \u00e9largis, et re\u00e7oit en moyenne 200 consommateurs chaque jour. En 2024, plus de 38 000 passages y ont \u00e9t\u00e9 enregistr\u00e9s , 4 062 soins infirmiers y ont \u00e9t\u00e9 r\u00e9alis\u00e9s, ainsi que 1 968 d\u00e9marches sociales. \u00abJe me r\u00e9jouis vraiment, car on part de loin, mais quand les pouvoirs publics travaillent ensemble, \u00e7a fonctionne!\u00bb, s\u2019est f\u00e9licit\u00e9e la maire de Paris Anne Hidalgo, saluant au passage \u00abl\u2019initiative de R\u00e9mi F\u00e9raud &#8211; maire du 10e et successeur adoub\u00e9 &#8211; qui a port\u00e9 \u00e0 bout de bras l\u2019ouverture de la Halte Soins Addictions (HSA)\u00bb.<\/p>\n<p class=\"fig-paragraph\">Les \u00e9quipes de maraude m\u00e9dico-sociales, \u00abcontinuellement renforc\u00e9es depuis 2019\u00bb, sont d\u00e9sormais \u00abpr\u00e9sentes sur la majorit\u00e9 du territoire, avec une attention renforc\u00e9e dans le Nord-Est parisien\u00bb, o\u00f9 l\u2019essentiel des sc\u00e8nes demeurent concentr\u00e9es. Une attention renforc\u00e9e \u00e9galement sur \u00abla place des mineurs, dont on observe la mont\u00e9e en puissance parmi les consommateurs\u00bb: \u00abL\u2019id\u00e9e, a indiqu\u00e9 Denis Robin, directeur g\u00e9n\u00e9ral de l\u2019ARS \u00cele-de-France, est de cr\u00e9er une fili\u00e8re de prise en charge sp\u00e9cifique pour eux\u00bb.<\/p>\n","protected":false},"excerpt":{"rendered":"Au moins 800 consommateurs ont par ailleurs quitt\u00e9 l\u2019espace public l\u2019an dernier, ont annonc\u00e9 ce mardi les autorit\u00e9s&hellip;\n","protected":false},"author":2,"featured_media":330554,"comment_status":"","ping_status":"","sticky":false,"template":"","format":"standard","meta":{"footnotes":""},"categories":[1592],"tags":[1111,47,1058,1054,1059,1060,1055,11,1057,1777,674,118,1011,27,662,1061,303,12,626,1062,25,656,104,1056,809],"class_list":{"0":"post-330553","1":"post","2":"type-post","3":"status-publish","4":"format-standard","5":"has-post-thumbnail","7":"category-ile-de-france","8":"tag-actu","9":"tag-actualite","10":"tag-actualite-education","11":"tag-actualite-france","12":"tag-actualite-justice","13":"tag-actualite-securite","14":"tag-actualite-societe","15":"tag-actualites","16":"tag-education","17":"tag-eu","18":"tag-europe","19":"tag-faits-divers","20":"tag-fr","21":"tag-france","22":"tag-ile-de-france","23":"tag-immigration","24":"tag-justice","25":"tag-news","26":"tag-paris","27":"tag-polemique","28":"tag-republique-francaise","29":"tag-securite","30":"tag-societe","31":"tag-societe-francaise","32":"tag-violence"},"share_on_mastodon":{"url":"https:\/\/pubeurope.com\/@fr\/115058568211902172","error":""},"_links":{"self":[{"href":"https:\/\/www.europesays.com\/fr\/wp-json\/wp\/v2\/posts\/330553","targetHints":{"allow":["GET"]}}],"collection":[{"href":"https:\/\/www.europesays.com\/fr\/wp-json\/wp\/v2\/posts"}],"about":[{"href":"https:\/\/www.europesays.com\/fr\/wp-json\/wp\/v2\/types\/post"}],"author":[{"embeddable":true,"href":"https:\/\/www.europesays.com\/fr\/wp-json\/wp\/v2\/users\/2"}],"replies":[{"embeddable":true,"href":"https:\/\/www.europesays.com\/fr\/wp-json\/wp\/v2\/comments?post=330553"}],"version-history":[{"count":0,"href":"https:\/\/www.europesays.com\/fr\/wp-json\/wp\/v2\/posts\/330553\/revisions"}],"wp:featuredmedia":[{"embeddable":true,"href":"https:\/\/www.europesays.com\/fr\/wp-json\/wp\/v2\/media\/330554"}],"wp:attachment":[{"href":"https:\/\/www.europesays.com\/fr\/wp-json\/wp\/v2\/media?parent=330553"}],"wp:term":[{"taxonomy":"category","embeddable":true,"href":"https:\/\/www.europesays.com\/fr\/wp-json\/wp\/v2\/categories?post=330553"},{"taxonomy":"post_tag","embeddable":true,"href":"https:\/\/www.europesays.com\/fr\/wp-json\/wp\/v2\/tags?post=330553"}],"curies":[{"name":"wp","href":"https:\/\/api.w.org\/{rel}","templated":true}]}}