{"id":330555,"date":"2025-08-20T01:47:14","date_gmt":"2025-08-20T01:47:14","guid":{"rendered":"https:\/\/www.europesays.com\/fr\/330555\/"},"modified":"2025-08-20T01:47:14","modified_gmt":"2025-08-20T01:47:14","slug":"nous-nexcluons-aucune-piste-simon-21-ans-a-disparu-dans-les-hautes-pyrenees-sa-famille-se-mobilise","status":"publish","type":"post","link":"https:\/\/www.europesays.com\/fr\/330555\/","title":{"rendered":"\u00ab\u00a0Nous n\u2019excluons aucune piste\u00a0\u00bb\u00a0: Simon, 21\u00a0ans, a disparu dans les Hautes-Pyr\u00e9n\u00e9es, sa famille se mobilise"},"content":{"rendered":"<p class=\"paragraph text_align_left lp-f-body-02\">\u00ab Je suis tr\u00e8s inqui\u00e8te mais les recherches des gendarmes ont lev\u00e9 des doutes et des pistes restent encore possibles. Je pense que Simon, qui \u00e9tait fragile psychologiquement, est dans une fuite, qu\u2019il ne veut pas qu\u2019on le retrouve maintenant \u00bb, confie Fabienne Sabarros-Helly. Les vacances dans les Hautes-Pyr\u00e9n\u00e9es de cette m\u00e8re de famille originaire de Moulins (Allier) ont pris un tour dramatique depuis plus de quinze jours, quand son fils Simon, \u00e2g\u00e9 de 21 ans, a disparu le 6 ao\u00fbt pr\u00e8s de la maison familiale install\u00e9e \u00e0 Monl\u00e9on-Magnoac.<\/p>\n<p class=\"paragraph text_align_left lp-f-body-02\">Arriv\u00e9 la veille avec sa m\u00e8re et son fr\u00e8re \u00e2g\u00e9 de 15 ans, le jeune homme, \u00e9tudiant en classe pr\u00e9paratoire \u00e0 Paris depuis deux ans, s\u2019est volatilis\u00e9 apr\u00e8s avoir quitt\u00e9 la maison sans papier, ni eau, ni argent. Le jour de sa disparition, Simon portait un tee-shirt blanc et un short beige.<\/p>\n<p>Il avait fait un burn-out en hiver<\/p>\n<p class=\"paragraph text_align_left lp-f-body-02\">\u00ab Il n\u2019y a rien eu de particulier la veille de la disparition et je l\u2019ai crois\u00e9 le matin au r\u00e9veil, quand nous avons \u00e9chang\u00e9 quelques mots avant que je parte faire une balade dans les environs vers 11h40 jusqu\u2019\u00e0 Gaussan, raconte Fabienne Sabarros-Helly. Je lui avais demand\u00e9 de r\u00e9server une table pour le midi au bistrot du village. Quand je suis rentr\u00e9e de ma promenade vers 12h45, j\u2019ai vu qu\u2019il n\u2019\u00e9tait pas \u00e0 la maison, pensant qu\u2019il \u00e9tait parti faire un tour. J\u2019ai essay\u00e9 de le contacter sur WhatsApp puis en l\u2019appelant. C\u2019est \u00e0 ce moment que j\u2019ai commenc\u00e9 \u00e0 paniquer, en repensant au <a href=\"https:\/\/www.leparisien.fr\/vie-de-bureau\/burn-out-au-debut-la-personne-na-pas-toujours-conscience-detre-en-souffrance-09-01-2024-GIKREPU7A5EJTM7E6VXQHJOXIY.php\" target=\"_self\" rel=\"nofollow noopener\">burn-out<\/a> qu\u2019il avait fait cet hiver \u00bb.<\/p>\n<p class=\"paragraph text_align_left lp-f-body-02\">Simon est parti avec son t\u00e9l\u00e9phone, et celui-ci a cess\u00e9 d\u2019\u00e9mettre vers 14h30. D\u00e9crit comme un gar\u00e7on exigeant avec lui-m\u00eame, qui met la barre haut dans ses \u00e9tudes, Simon avait d\u00e9cid\u00e9 en avril d\u2019arr\u00eater son cursus universitaire. Se posant beaucoup de questions sur le monde, il souhaitait travailler dans la diplomatie.<\/p>\n<p class=\"lp-card-podcast-highlighting__title  lp-f-subtitle-05\">[4\/4] C\u00e9cile Vallin, les secrets d\u2019une disparition<\/p>\n<p class=\"lp-card-podcast-highlighting__description lp-f-ui-05\">Crime story raconte chaque semaine les grandes affaires criminelles.<\/p>\n<p><a class=\"lp-card-podcast-highlighting__call-to-action\" data-page-type=\"HP\" data-block-name=\"podcast-highlight\">\u00c9couter<\/a><img decoding=\"async\" class=\"image \" loading=\"lazy\" src=\"https:\/\/www.europesays.com\/fr\/wp-content\/uploads\/2025\/08\/YKWAGQJLOBHFTKG7QC6326DLJ4.jpg\" alt=\"\" align=\"\" data-rubrique-principale=\"\" data-article-type=\"\" fetchpriority=\"auto\"\/><\/p>\n<p class=\"paragraph text_align_left lp-f-body-02\">Soucieuse par rapport \u00e0 l\u2019\u00e9tat d\u2019esprit actuel de son fils, la m\u00e8re de famille alerte rapidement la gendarmerie, d\u00e8s 14h30, qui met en place d\u2019importants moyens de recherches avec des chiens, des motos tout-terrain et m\u00eame un h\u00e9licopt\u00e8re venu de Toulouse (Haute-Garonne). Un chien sent alors l\u2019odeur de Simon, suivant sa trace jusqu\u2019au village voisin de Gaussan, un parcours qu\u2019a d\u00e9j\u00e0 effectu\u00e9 sa m\u00e8re.<\/p>\n<p class=\"paragraph text_align_left lp-f-body-02\">Le 8 ao\u00fbt, un autre chien, un Saint-Hubert r\u00e9put\u00e9 pour son flair venu sp\u00e9cialement de Montpellier (H\u00e9rault), confirme cette trace, conduisant jusqu\u2019\u00e0 un champ o\u00f9 se trouve un \u00e9tang avec un ponton, o\u00f9 il s\u2019arr\u00eate. \u00ab J\u2019ai eu tr\u00e8s peur qu\u2019il soit dans l\u2019\u00e9tang mais des plongeurs l\u2019ont sond\u00e9 et n\u2019ont rien trouv\u00e9, explique sa m\u00e8re. La copine de mon fils et moi-m\u00eame pensons qu\u2019il a pu s\u2019immerger dans l\u2019\u00e9tang pour casser la piste, afin de ne pas \u00eatre retrouv\u00e9\u2026 \u00bb<\/p>\n<p>Des signalements qui n\u2019ont rien donn\u00e9<\/p>\n<p class=\"paragraph text_align_left lp-f-body-02\">La m\u00e8re du jeune homme ne sait pas o\u00f9 il est parti mais elle, et l\u2019amie de Simon, se disent que ce dernier a pu marcher dans la montagne, l\u2019esprit un peu confus. \u00ab Il est proche de la nature et assez sportif donc c\u2019est une possibilit\u00e9. Nous n\u2019excluons aucune piste, m\u00eame celle de la mauvaise rencontre. Nous esp\u00e9rons que l\u2019appel \u00e0 t\u00e9moin va peut-\u00eatre faire tilter une personne qui l\u2019aurait vu \u00bb, poursuit la maman du disparu.<\/p>\n<p class=\"paragraph text_align_left lp-f-body-02\">Le 9 ao\u00fbt, la gendarmerie des Hautes-Pyr\u00e9n\u00e9es a lanc\u00e9 un appel \u00e0 t\u00e9moins pour retrouver le jeune homme, qui a \u00e9t\u00e9 porteur de nombreux t\u00e9moignages qui n\u2019ont malheureusement pas fait avancer l\u2019enqu\u00eate. Simon aurait \u00e9t\u00e9 aper\u00e7u dans un bar \u00e0 Arreau, une commune situ\u00e9e \u00e0 une cinquantaine de kilom\u00e8tres de Monl\u00e9on-Magnoac mais les v\u00e9rifications n\u2019ont pas confirm\u00e9 cette piste. Idem pour un autre signalement qui le situait \u00e0 Saint-Lary.<\/p>\n<p class=\"paragraph text_align_left lp-f-body-02\">Plus de deux semaines apr\u00e8s sa disparition, la famille et les proches de Simon Helly poursuivent leurs recherches dans la montagne pyr\u00e9n\u00e9enne, parcourant des kilom\u00e8tres pour le chercher dans chaque village. Son p\u00e8re, qui a pris le relais des recherches, travaille actuellement avec les gendarmes des Hautes-Pyr\u00e9n\u00e9es pour r\u00e9aliser un survol de la zone par un drone porteur d\u2019une cam\u00e9ra thermique.<\/p>\n","protected":false},"excerpt":{"rendered":"\u00ab Je suis tr\u00e8s inqui\u00e8te mais les recherches des gendarmes ont lev\u00e9 des doutes et des pistes restent&hellip;\n","protected":false},"author":2,"featured_media":330556,"comment_status":"","ping_status":"","sticky":false,"template":"","format":"standard","meta":{"footnotes":""},"categories":[1888],"tags":[1111,1928,11,1927,459,1777,674,118,1011,27,12,1926,626,1925,25],"class_list":{"0":"post-330555","1":"post","2":"type-post","3":"status-publish","4":"format-standard","5":"has-post-thumbnail","7":"category-paris","8":"tag-actu","9":"tag-actu-paris","10":"tag-actualites","11":"tag-actualites-paris","12":"tag-departements-horsidfo","13":"tag-eu","14":"tag-europe","15":"tag-faits-divers","16":"tag-fr","17":"tag-france","18":"tag-news","19":"tag-news-paris","20":"tag-paris","21":"tag-paris-news","22":"tag-republique-francaise"},"share_on_mastodon":{"url":"https:\/\/pubeurope.com\/@fr\/115058576312452573","error":""},"_links":{"self":[{"href":"https:\/\/www.europesays.com\/fr\/wp-json\/wp\/v2\/posts\/330555","targetHints":{"allow":["GET"]}}],"collection":[{"href":"https:\/\/www.europesays.com\/fr\/wp-json\/wp\/v2\/posts"}],"about":[{"href":"https:\/\/www.europesays.com\/fr\/wp-json\/wp\/v2\/types\/post"}],"author":[{"embeddable":true,"href":"https:\/\/www.europesays.com\/fr\/wp-json\/wp\/v2\/users\/2"}],"replies":[{"embeddable":true,"href":"https:\/\/www.europesays.com\/fr\/wp-json\/wp\/v2\/comments?post=330555"}],"version-history":[{"count":0,"href":"https:\/\/www.europesays.com\/fr\/wp-json\/wp\/v2\/posts\/330555\/revisions"}],"wp:featuredmedia":[{"embeddable":true,"href":"https:\/\/www.europesays.com\/fr\/wp-json\/wp\/v2\/media\/330556"}],"wp:attachment":[{"href":"https:\/\/www.europesays.com\/fr\/wp-json\/wp\/v2\/media?parent=330555"}],"wp:term":[{"taxonomy":"category","embeddable":true,"href":"https:\/\/www.europesays.com\/fr\/wp-json\/wp\/v2\/categories?post=330555"},{"taxonomy":"post_tag","embeddable":true,"href":"https:\/\/www.europesays.com\/fr\/wp-json\/wp\/v2\/tags?post=330555"}],"curies":[{"name":"wp","href":"https:\/\/api.w.org\/{rel}","templated":true}]}}