{"id":330557,"date":"2025-08-20T01:48:17","date_gmt":"2025-08-20T01:48:17","guid":{"rendered":"https:\/\/www.europesays.com\/fr\/330557\/"},"modified":"2025-08-20T01:48:17","modified_gmt":"2025-08-20T01:48:17","slug":"a-paris-une-rencontre-diplomatique-entre-israel-et-la-syrie-en-vue-dune-desescalade","status":"publish","type":"post","link":"https:\/\/www.europesays.com\/fr\/330557\/","title":{"rendered":"\u00c0 Paris, une rencontre diplomatique entre Isra\u00ebl et la Syrie en vue d&rsquo;une \u00ab\u00a0d\u00e9sescalade\u00a0\u00bb"},"content":{"rendered":"<p>Le ministre syrien des Affaires \u00e9trang\u00e8res, Assaad Al-Chaibani, a rencontr\u00e9 mardi une d\u00e9l\u00e9gation isra\u00e9lienne \u00e0 Paris afin de discuter des moyens de renforcer la stabilit\u00e9 dans la r\u00e9gion et dans le sud de la Syrie, a rapport\u00e9 l&rsquo;agence de presse officielle syrienne Sana. Les discussions, sous m\u00e9diation am\u00e9ricaine, ont \u00e9galement port\u00e9 sur la\u00a0\u00ab\u00a0d\u00e9sescalade et la non-interf\u00e9rence dans les affaires internes syriennes\u00a0\u00bb.<\/p>\n<p>Le ministre syrien des Affaires \u00e9trang\u00e8res Assaad Al-Chaibani a rencontr\u00e9 mardi 19 ao\u00fbt une d\u00e9l\u00e9gation isra\u00e9lienne \u00e0 Paris pour discuter de la \u00ab\u00a0d\u00e9sescalade\u00a0\u00bb entre les deux pays voisins, en vue de renforcer la \u00ab\u00a0stabilit\u00e9 dans la r\u00e9gion\u00a0\u00bb, a annonc\u00e9 l&rsquo;agence officielle syrienne Sana.<\/p>\n<p>Les discussions ont port\u00e9 sur \u00ab\u00a0un certain nombre de dossiers li\u00e9s au renforcement de la stabilit\u00e9 dans la r\u00e9gion et le sud de la <a class=\"link \" href=\"https:\/\/www.france24.com\/fr\/tag\/syrie\/\" rel=\"nofollow noopener\" target=\"_blank\" data-ylk=\"slk:Syrie;elm:context_link;itc:0;sec:content-canvas\">Syrie<\/a>\u00ab\u00a0, ainsi que sur la \u00ab\u00a0d\u00e9sescalade et la non-interf\u00e9rence dans les affaires internes syriennes\u00a0\u00bb, selon la m\u00eame source.<\/p>\n<p>Les d\u00e9l\u00e9gations des deux pays, ont \u00e9galement \u00e9voqu\u00e9 la \u00ab\u00a0surveillance du cessez le feu\u00a0\u00bb dans la r\u00e9gion \u00e0 majorit\u00e9 druze de Soueida, o\u00f9 des violences intercommunautaires ont fait plus de 1 400 morts selon une ONG et entra\u00een\u00e9 l&rsquo;intervention d&rsquo;<a class=\"link \" href=\"https:\/\/www.france24.com\/fr\/tag\/isra\u00ebl\/\" rel=\"nofollow noopener\" target=\"_blank\" data-ylk=\"slk:Isra\u00ebl;elm:context_link;itc:0;sec:content-canvas\">Isra\u00ebl<\/a>.\u00a0Les \u00e9changes ont aussi abord\u00e9 la question d&rsquo;un retour \u00e0 l&rsquo;accord de d\u00e9sengagement de 1974 entre les deux pays, qui avait cr\u00e9\u00e9 une zone tampon.<\/p>\n<p>\u00ab\u00a0Ces discussions se d\u00e9roulent sous m\u00e9diation am\u00e9ricaine, dans le cadre d&rsquo;efforts diplomatiques visant \u00e0 renforcer la s\u00e9curit\u00e9 et la stabilit\u00e9 en Syrie et \u00e0 pr\u00e9server l&rsquo;unit\u00e9 et l&rsquo;int\u00e9grit\u00e9 de son territoire\u00a0\u00bb, a ajout\u00e9 l&rsquo;agence syrienne.<\/p>\n<p>Cessez-le-feu<\/p>\n<p>La Syrie et Isra\u00ebl sont toujours techniquement en \u00e9tat de guerre, mais plusieurs autres rencontres diplomatiques ont d\u00e9j\u00e0 eu lieu en juillet en vue de la \u00ab\u00a0d\u00e9sescalade\u00a0\u00bb.<\/p>\n<p>Les affrontements ont oppos\u00e9 des combattants de la <a href=\"https:\/\/www.france24.com\/fr\/tag\/druzes\/\" rel=\"nofollow noopener\" target=\"_blank\" data-ylk=\"slk:minorit\u00e9 druze;elm:context_link;itc:0;sec:content-canvas\" class=\"link \">minorit\u00e9 druze<\/a>, qu&rsquo;Isra\u00ebl affirme vouloir prot\u00e9ger, \u00e0 des tribus sunnites. En juillet, Isra\u00ebl a bombard\u00e9 le palais pr\u00e9sidentiel et le quartier g\u00e9n\u00e9ral de l&rsquo;arm\u00e9e syrienne \u00e0 Damas pour forcer les troupes gouvernementales, qui s&rsquo;\u00e9taient d\u00e9ploy\u00e9es \u00e0 Soueida, \u00e0 s&rsquo;en retirer.<\/p>\n<p>\u00c0 lire aussi<a class=\"link  yahoo-link\" href=\"https:\/\/fr.news.yahoo.com\/exclusif-soue%C3%AFda-ville-syrienne-meurtrie-104707884.html\" data-ylk=\"slk:Exclusif\u00a0: Soue\u00efda, ville syrienne meurtrie par les combats entre Druzes et B\u00e9douins;elm:context_link;itc:0;sec:content-canvas;outcm:mb_qualified_link;_E:mb_qualified_link;ct:story;\" target=\"_blank\" rel=\"noopener\">Exclusif\u00a0: Soue\u00efda, ville syrienne meurtrie par les combats entre Druzes et B\u00e9douins<\/a><\/p>\n<p>Un cessez-le-feu a \u00e9t\u00e9 proclam\u00e9 par les autorit\u00e9s le 19 juillet, apr\u00e8s une d\u00e9claration de Washington affirmant avoir n\u00e9goci\u00e9 une tr\u00eave entre Isra\u00ebl et la Syrie afin d&rsquo;\u00e9viter une escalade. La tr\u00eave fragile tient depuis, mais la tension reste vive dans la province de Soueida.<\/p>\n<p>Depuis la chute en d\u00e9cembre de <a class=\"link \" href=\"https:\/\/www.france24.com\/fr\/tag\/bachar-al-assad\/\" rel=\"nofollow noopener\" target=\"_blank\" data-ylk=\"slk:Bachar al-Assad;elm:context_link;itc:0;sec:content-canvas\">Bachar al-Assad<\/a> et l&rsquo;arriv\u00e9e du nouveau pouvoir islamiste, Isra\u00ebl a men\u00e9 des centaines de frappes en Syrie et des incursions dans le sud de la Syrie.<\/p>\n<p>Avec AFP<\/p>\n","protected":false},"excerpt":{"rendered":"Le ministre syrien des Affaires \u00e9trang\u00e8res, Assaad Al-Chaibani, a rencontr\u00e9 mardi une d\u00e9l\u00e9gation isra\u00e9lienne \u00e0 Paris afin de&hellip;\n","protected":false},"author":2,"featured_media":330558,"comment_status":"","ping_status":"","sticky":false,"template":"","format":"standard","meta":{"footnotes":""},"categories":[1888],"tags":[1111,1928,11,1927,260,1777,674,1011,27,16768,2794,12,1926,626,1925,25,32],"class_list":{"0":"post-330557","1":"post","2":"type-post","3":"status-publish","4":"format-standard","5":"has-post-thumbnail","7":"category-paris","8":"tag-actu","9":"tag-actu-paris","10":"tag-actualites","11":"tag-actualites-paris","12":"tag-affaires-etrangeres","13":"tag-eu","14":"tag-europe","15":"tag-fr","16":"tag-france","17":"tag-lagence-de-presse","18":"tag-la-region","19":"tag-news","20":"tag-news-paris","21":"tag-paris","22":"tag-paris-news","23":"tag-republique-francaise","24":"tag-syrie"},"share_on_mastodon":{"url":"https:\/\/pubeurope.com\/@fr\/115058580104645407","error":""},"_links":{"self":[{"href":"https:\/\/www.europesays.com\/fr\/wp-json\/wp\/v2\/posts\/330557","targetHints":{"allow":["GET"]}}],"collection":[{"href":"https:\/\/www.europesays.com\/fr\/wp-json\/wp\/v2\/posts"}],"about":[{"href":"https:\/\/www.europesays.com\/fr\/wp-json\/wp\/v2\/types\/post"}],"author":[{"embeddable":true,"href":"https:\/\/www.europesays.com\/fr\/wp-json\/wp\/v2\/users\/2"}],"replies":[{"embeddable":true,"href":"https:\/\/www.europesays.com\/fr\/wp-json\/wp\/v2\/comments?post=330557"}],"version-history":[{"count":0,"href":"https:\/\/www.europesays.com\/fr\/wp-json\/wp\/v2\/posts\/330557\/revisions"}],"wp:featuredmedia":[{"embeddable":true,"href":"https:\/\/www.europesays.com\/fr\/wp-json\/wp\/v2\/media\/330558"}],"wp:attachment":[{"href":"https:\/\/www.europesays.com\/fr\/wp-json\/wp\/v2\/media?parent=330557"}],"wp:term":[{"taxonomy":"category","embeddable":true,"href":"https:\/\/www.europesays.com\/fr\/wp-json\/wp\/v2\/categories?post=330557"},{"taxonomy":"post_tag","embeddable":true,"href":"https:\/\/www.europesays.com\/fr\/wp-json\/wp\/v2\/tags?post=330557"}],"curies":[{"name":"wp","href":"https:\/\/api.w.org\/{rel}","templated":true}]}}