{"id":330561,"date":"2025-08-20T01:50:14","date_gmt":"2025-08-20T01:50:14","guid":{"rendered":"https:\/\/www.europesays.com\/fr\/330561\/"},"modified":"2025-08-20T01:50:14","modified_gmt":"2025-08-20T01:50:14","slug":"la-syrie-et-israel-se-rencontrent-a-paris-pour-renforcer-la-stabilite-regionale-2","status":"publish","type":"post","link":"https:\/\/www.europesays.com\/fr\/330561\/","title":{"rendered":"La Syrie et Isra\u00ebl se rencontrent \u00e0 Paris pour renforcer la stabilit\u00e9 r\u00e9gionale"},"content":{"rendered":"<p>A Paris, le ministre <a href=\"https:\/\/www.20minutes.fr\/monde\/syrie\/\" target=\"_blank\" class=\"c-link c-link--is-underlined\" rel=\"nofollow noopener\">syrien<\/a> des Affaires \u00e9trang\u00e8res, Assaad Al-Chaibani, a rencontr\u00e9 mardi une d\u00e9l\u00e9gation <a href=\"https:\/\/www.20minutes.fr\/monde\/israel\/\" target=\"_blank\" class=\"c-link c-link--is-underlined\" rel=\"nofollow noopener\">isra\u00e9lienne<\/a> pour discuter de la \u00ab\u00a0d\u00e9sescalade\u00a0\u00bb entre les deux pays voisins. Selon l\u2019agence officielle Sana, l\u2019objectif affich\u00e9 est de \u00ab\u00a0renforcer la stabilit\u00e9 dans la r\u00e9gion\u00a0\u00bb, alors que les tensions restent vives dans le sud de la Syrie.<\/p>\n<p>Les \u00e9changes ont port\u00e9 sur plusieurs dossiers sensibles, parmi lesquels la situation s\u00e9curitaire dans la <a href=\"https:\/\/www.20minutes.fr\/monde\/syrie\/4163868-20250716-syrie-frappes-israeliennes-minorite-druze-pourquoi-enorme-regain-tensions\" target=\"_blank\" class=\"c-link c-link--is-underlined\" rel=\"nofollow noopener\">province druze de Soueida<\/a>, th\u00e9\u00e2tre de violences intercommunautaires ayant fait plus de 1.400 morts selon une <a href=\"https:\/\/www.20minutes.fr\/dossier\/ong\" target=\"_blank\" class=\"c-link c-link--is-underlined\" rel=\"nofollow noopener\">ONG<\/a>. Isra\u00ebl affirme intervenir pour prot\u00e9ger la <a href=\"https:\/\/www.20minutes.fr\/dossier\/minorite\" target=\"_blank\" class=\"c-link c-link--is-underlined\" rel=\"nofollow noopener\">minorit\u00e9<\/a> druze face aux tribus sunnites, tandis que <a href=\"https:\/\/www.20minutes.fr\/monde\/damas\/\" target=\"_blank\" class=\"c-link c-link--is-underlined\" rel=\"nofollow noopener\">Damas<\/a> d\u00e9nonce toute \u00ab\u00a0interf\u00e9rence dans les affaires internes syriennes\u00a0\u00bb.<\/p>\n<\/p>\n<p>Un retour \u00e0 l\u2019accord de d\u00e9sengagement de\u00a01974\u00a0?<\/p>\n<p>Les d\u00e9l\u00e9gations ont aussi abord\u00e9 la surveillance du <a href=\"https:\/\/www.20minutes.fr\/monde\/cessez_le_feu\/\" target=\"_blank\" class=\"c-link c-link--is-underlined\" rel=\"nofollow noopener\">cessez-le-feu<\/a> en vigueur depuis le 19\u00a0juillet, fragile tr\u00eave conclue apr\u00e8s une m\u00e9diation de Washington. \u00ab\u00a0Ces discussions se d\u00e9roulent sous m\u00e9diation am\u00e9ricaine, dans le cadre d\u2019efforts <a href=\"https:\/\/www.20minutes.fr\/dossier\/diplomatie\" target=\"_blank\" class=\"c-link c-link--is-underlined\" rel=\"nofollow noopener\">diplomatiques<\/a> visant \u00e0 renforcer la s\u00e9curit\u00e9 et la stabilit\u00e9 en Syrie et \u00e0 pr\u00e9server l\u2019unit\u00e9 et l\u2019int\u00e9grit\u00e9 de son territoire\u00a0\u00bb, a pr\u00e9cis\u00e9 l\u2019agence syrienne.<\/p>\n<p><a href=\"https:\/\/www.20minutes.fr\/monde\/proche-orient\/\" target=\"_blank\" class=\"c-link c-btn c-btn--primary\" rel=\"nofollow noopener\">Notre dossier sur le Proche-Orient<\/a><\/p>\n<p>Autre point cl\u00e9\u00a0: un \u00e9ventuel retour \u00e0 l\u2019accord de d\u00e9sengagement de\u00a01974, qui avait instaur\u00e9 une zone tampon entre les deux pays. Malgr\u00e9 ce cadre, Isra\u00ebl a multipli\u00e9 depuis d\u00e9cembre des frappes et incursions dans le sud syrien. En juillet, l\u2019<a href=\"https:\/\/www.20minutes.fr\/dossier\/armee_israelienne\" target=\"_blank\" class=\"c-link c-link--is-underlined\" rel=\"nofollow noopener\">aviation isra\u00e9lienne<\/a> a bombard\u00e9 le palais pr\u00e9sidentiel et le quartier g\u00e9n\u00e9ral de l\u2019arm\u00e9e \u00e0 Damas, contraignant les troupes syriennes \u00e0 se retirer de Soueida. Si un cessez-le-feu tient toujours, les tensions demeurent dans la province druze.<\/p>\n","protected":false},"excerpt":{"rendered":"A Paris, le ministre syrien des Affaires \u00e9trang\u00e8res, Assaad Al-Chaibani, a rencontr\u00e9 mardi une d\u00e9l\u00e9gation isra\u00e9lienne pour discuter&hellip;\n","protected":false},"author":2,"featured_media":330562,"comment_status":"","ping_status":"","sticky":false,"template":"","format":"standard","meta":{"footnotes":""},"categories":[1888],"tags":[47,11,221,2120,7613,36712,1777,674,1011,27,662,664,28328,74,12,626,25,32],"class_list":{"0":"post-330561","1":"post","2":"type-post","3":"status-publish","4":"format-standard","5":"has-post-thumbnail","7":"category-paris","8":"tag-actualite","9":"tag-actualites","10":"tag-cessez-le-feu","11":"tag-conflit","12":"tag-conflit-au-proche-orient","13":"tag-damas","14":"tag-eu","15":"tag-europe","16":"tag-fr","17":"tag-france","18":"tag-ile-de-france","19":"tag-israel","20":"tag-minorite","21":"tag-monde","22":"tag-news","23":"tag-paris","24":"tag-republique-francaise","25":"tag-syrie"},"share_on_mastodon":{"url":"https:\/\/pubeurope.com\/@fr\/115058587949670823","error":""},"_links":{"self":[{"href":"https:\/\/www.europesays.com\/fr\/wp-json\/wp\/v2\/posts\/330561","targetHints":{"allow":["GET"]}}],"collection":[{"href":"https:\/\/www.europesays.com\/fr\/wp-json\/wp\/v2\/posts"}],"about":[{"href":"https:\/\/www.europesays.com\/fr\/wp-json\/wp\/v2\/types\/post"}],"author":[{"embeddable":true,"href":"https:\/\/www.europesays.com\/fr\/wp-json\/wp\/v2\/users\/2"}],"replies":[{"embeddable":true,"href":"https:\/\/www.europesays.com\/fr\/wp-json\/wp\/v2\/comments?post=330561"}],"version-history":[{"count":0,"href":"https:\/\/www.europesays.com\/fr\/wp-json\/wp\/v2\/posts\/330561\/revisions"}],"wp:featuredmedia":[{"embeddable":true,"href":"https:\/\/www.europesays.com\/fr\/wp-json\/wp\/v2\/media\/330562"}],"wp:attachment":[{"href":"https:\/\/www.europesays.com\/fr\/wp-json\/wp\/v2\/media?parent=330561"}],"wp:term":[{"taxonomy":"category","embeddable":true,"href":"https:\/\/www.europesays.com\/fr\/wp-json\/wp\/v2\/categories?post=330561"},{"taxonomy":"post_tag","embeddable":true,"href":"https:\/\/www.europesays.com\/fr\/wp-json\/wp\/v2\/tags?post=330561"}],"curies":[{"name":"wp","href":"https:\/\/api.w.org\/{rel}","templated":true}]}}