{"id":330563,"date":"2025-08-20T01:51:23","date_gmt":"2025-08-20T01:51:23","guid":{"rendered":"https:\/\/www.europesays.com\/fr\/330563\/"},"modified":"2025-08-20T01:51:23","modified_gmt":"2025-08-20T01:51:23","slug":"la-suisse-offrira-limmunite-a-vladimir-poutine-sil-vient-pour-une-conference-de-paix-annonce-ignazio-cassis-rts-ch","status":"publish","type":"post","link":"https:\/\/www.europesays.com\/fr\/330563\/","title":{"rendered":"La Suisse offrira \u00ab\u00a0l&rsquo;immunit\u00e9\u00a0\u00bb \u00e0 Vladimir Poutine s&rsquo;il vient pour une conf\u00e9rence de paix, annonce Ignazio Cassis &#8211; rts.ch"},"content":{"rendered":"<p>La rencontre entre Volodymyr Zelensky et Vladimir Poutine devrait avoir lieu en Europe, a indiqu\u00e9 le pr\u00e9sident fran\u00e7ais Emmanuel Macron, qui plaide pour qu&rsquo;elle se tienne \u00e0 Gen\u00e8ve. \u00ab\u00a0Plus qu&rsquo;une hypoth\u00e8se, c&rsquo;est m\u00eame la volont\u00e9 collective\u00a0\u00bb, a assur\u00e9 le chef d&rsquo;Etat dans un entretien diffus\u00e9 sur LCI.<\/p>\n<p>\u00ab\u00a0Ce sera un pays neutre et donc peut-\u00eatre la Suisse, je plaide pour Gen\u00e8ve ou un autre pays. La derni\u00e8re fois qu&rsquo;il y a eu des discussions bilat\u00e9rales, c&rsquo;\u00e9tait \u00e0 Istanbul\u00a0\u00bb, a-t-il rappel\u00e9.<\/p>\n<p><b>L&rsquo;Ukraine d\u00e9cidera des concessions<\/b><\/p>\n<p>Sur les concessions territoriales, \u00ab\u00a0c&rsquo;est \u00e0 l&rsquo;Ukraine de les faire. [&#8230;] Elle fera les concessions qu&rsquo;elle estime justes et bonnes\u00a0\u00bb, a d\u00e9clar\u00e9 le pr\u00e9sident fran\u00e7ais.<\/p>\n<p>\u00ab\u00a0En tout cas, faisons tr\u00e8s attention quand on parle d&rsquo;une reconnaissance de droit. N&rsquo;actons pas des reconnaissances de droit \u2013 que des pays garants de l&rsquo;ordre international puissent dire &lsquo;on peut prendre des territoires par force&rsquo; \u2013, parce qu&rsquo;on ouvre une bo\u00eete de Pandore\u00a0\u00bb, a encore pr\u00e9venu Emmanuel Macron.<\/p>\n<p> &gt;&gt; Les pr\u00e9cisions de Maurine Mercier dans le 12h45 sur les r\u00e9actions ukrainiennes \u00e0 ce sommet\u00a0:   <img decoding=\"async\" class=\"embed-responsive-item\" loading=\"lazy\" src=\"https:\/\/www.europesays.com\/fr\/wp-content\/uploads\/2025\/08\/vxpix7-28972196.image\" alt=\"Sommet de Washington : les pr\u00e9cisions de Maurine Mercier \u00e0 Kiev\"\/>    Sommet de Washington : les pr\u00e9cisions de Maurine Mercier \u00e0 Kiev \/ 12h45 \/ 1 min. \/ hier \u00e0 12:45 <\/p>\n<p><b>Vladimir Poutine, un \u00ab\u00a0ogre\u00a0\u00bb<\/b><\/p>\n<p>Vladimir Poutine est \u00ab\u00a0un pr\u00e9dateur, un ogre \u00e0 nos portes\u00a0\u00bb qui \u00ab\u00a0a besoin de continuer de manger\u00a0\u00bb pour \u00ab\u00a0sa propre survie\u00a0\u00bb, a poursuivi le chef d&rsquo;Etat fran\u00e7ais, appelant les Europ\u00e9ens \u00e0 \u00ab\u00a0ne pas \u00eatre na\u00effs\u00a0\u00bb face \u00e0 la Russie.<\/p>\n<p>\u00ab\u00a0Depuis 2007-2008 (l&rsquo;intervention russe en G\u00e9orgie, ndlr), le pr\u00e9sident Poutine a rarement tenu ses engagements. Il a constamment \u00e9t\u00e9 une puissance de d\u00e9stabilisation et il a cherch\u00e9 \u00e0 revoir les fronti\u00e8res pour \u00e9tendre son pouvoir\u00a0\u00bb, a soulign\u00e9 le pr\u00e9sident.<\/p>\n<p>Il estime que Moscou \u00ab\u00a0est devenu durablement une puissance de d\u00e9stabilisation et une menace potentielle pour beaucoup d&rsquo;entre nous\u00a0\u00bb. \u00ab\u00a0Un pays qui investit 40% de son budget dans des \u00e9quipements, qui a mobilis\u00e9 une arm\u00e9e de plus d&rsquo;1,3 million d&rsquo;hommes, ne reviendra pas \u00e0 un \u00e9tat de paix et un syst\u00e8me d\u00e9mocratique ouvert du jour au lendemain\u00a0\u00bb, a-t-il insist\u00e9.<\/p>\n","protected":false},"excerpt":{"rendered":"La rencontre entre Volodymyr Zelensky et Vladimir Poutine devrait avoir lieu en Europe, a indiqu\u00e9 le pr\u00e9sident fran\u00e7ais&hellip;\n","protected":false},"author":2,"featured_media":330564,"comment_status":"","ping_status":"","sticky":false,"template":"","format":"standard","meta":{"footnotes":""},"categories":[1591],"tags":[46825,11,834,21153,2120,312,19348,75,1073,1887,418,1146,131,3577,32161,2173,2957,74,33527,12,2403,316,7136,46826,1325,2543,5486,1885,1886,132,656,2764,135,7137,2744],"class_list":{"0":"post-330563","1":"post","2":"type-post","3":"status-publish","4":"format-standard","5":"has-post-thumbnail","7":"category-russie","8":"tag-accord-pacte-convention","9":"tag-actualites","10":"tag-attaque","11":"tag-chef-de-letat","12":"tag-conflit","13":"tag-diplomatie","14":"tag-discussion","15":"tag-donald-trump","16":"tag-emmanuel-macron","17":"tag-federation-de-russie","18":"tag-gouvernement","19":"tag-guerre","20":"tag-guerre-en-ukraine","21":"tag-guerre-et-paix","22":"tag-historien","23":"tag-interview","24":"tag-journaliste","25":"tag-monde","26":"tag-negociation","27":"tag-news","28":"tag-paix","29":"tag-politique","30":"tag-president-de-lukraine","31":"tag-president-de-la-republique-francaise","32":"tag-president-des-etats-unis","33":"tag-relations-internationales","34":"tag-rencontre","35":"tag-russia","36":"tag-russian-federation","37":"tag-russie","38":"tag-securite","39":"tag-sommet","40":"tag-vladimir-poutine","41":"tag-volodymyr-zelenskyy","42":"tag-washington"},"share_on_mastodon":{"url":"","error":"Validation failed: Text character limit of 500 exceeded"},"_links":{"self":[{"href":"https:\/\/www.europesays.com\/fr\/wp-json\/wp\/v2\/posts\/330563","targetHints":{"allow":["GET"]}}],"collection":[{"href":"https:\/\/www.europesays.com\/fr\/wp-json\/wp\/v2\/posts"}],"about":[{"href":"https:\/\/www.europesays.com\/fr\/wp-json\/wp\/v2\/types\/post"}],"author":[{"embeddable":true,"href":"https:\/\/www.europesays.com\/fr\/wp-json\/wp\/v2\/users\/2"}],"replies":[{"embeddable":true,"href":"https:\/\/www.europesays.com\/fr\/wp-json\/wp\/v2\/comments?post=330563"}],"version-history":[{"count":0,"href":"https:\/\/www.europesays.com\/fr\/wp-json\/wp\/v2\/posts\/330563\/revisions"}],"wp:featuredmedia":[{"embeddable":true,"href":"https:\/\/www.europesays.com\/fr\/wp-json\/wp\/v2\/media\/330564"}],"wp:attachment":[{"href":"https:\/\/www.europesays.com\/fr\/wp-json\/wp\/v2\/media?parent=330563"}],"wp:term":[{"taxonomy":"category","embeddable":true,"href":"https:\/\/www.europesays.com\/fr\/wp-json\/wp\/v2\/categories?post=330563"},{"taxonomy":"post_tag","embeddable":true,"href":"https:\/\/www.europesays.com\/fr\/wp-json\/wp\/v2\/tags?post=330563"}],"curies":[{"name":"wp","href":"https:\/\/api.w.org\/{rel}","templated":true}]}}