{"id":330567,"date":"2025-08-20T01:53:13","date_gmt":"2025-08-20T01:53:13","guid":{"rendered":"https:\/\/www.europesays.com\/fr\/330567\/"},"modified":"2025-08-20T01:53:13","modified_gmt":"2025-08-20T01:53:13","slug":"aux-etats-unis-des-crevettes-potentiellement-radioactives-rappelees","status":"publish","type":"post","link":"https:\/\/www.europesays.com\/fr\/330567\/","title":{"rendered":"Aux Etats-Unis, des crevettes potentiellement radioactives rappel\u00e9es"},"content":{"rendered":"<p class=\"ap-StoryElement ap-StoryElement--mb ap-StoryText\">Le niveau de C137 mesur\u00e9 \u00e9tait toutefois minime, pr\u00e9cise la FDA, assurant que \u00ab\u00a0le produit ne pr\u00e9senterait pas de danger grave pour les consommateurs\u00a0\u00bb.<\/p>\n<p class=\"ap-StoryElement ap-StoryElement--mb ap-StoryText\">Quant aux lots de crevettes d\u00e9j\u00e0 pr\u00e9sents dans les supermarch\u00e9s am\u00e9ricains, leur contamination au C137 n&rsquo;a pour l&rsquo;instant pas \u00e9t\u00e9 confirm\u00e9e, ajoute-t-elle.<\/p>\n<p class=\"ap-StoryElement ap-StoryElement--mb ap-StoryText\">N\u00e9anmoins, ces produits semblent avoir \u00e9t\u00e9 pr\u00e9par\u00e9s ou conserv\u00e9s \u00ab\u00a0dans des conditions insalubres\u00a0\u00bb et l&rsquo;exposition prolong\u00e9e \u00e0 de telles radiations, m\u00eame minimes, est associ\u00e9e \u00e0 \u00ab\u00a0un risque accru de cancer\u00a0\u00bb, rappelle la FDA.<\/p>\n<p class=\"ap-StoryElement ap-StoryElement--mb ap-StoryText\">Pour toutes ces raisons, les autorit\u00e9s am\u00e9ricaines demandent \u00e0 Walmart d&rsquo;organiser une campagne de rappel et aux personnes en possession de lots de crevettes de ce fabriquant de ne pas les consommer.<\/p>\n","protected":false},"excerpt":{"rendered":"Le niveau de C137 mesur\u00e9 \u00e9tait toutefois minime, pr\u00e9cise la FDA, assurant que \u00ab\u00a0le produit ne pr\u00e9senterait pas&hellip;\n","protected":false},"author":2,"featured_media":2837,"comment_status":"","ping_status":"","sticky":false,"template":"","format":"standard","meta":{"footnotes":""},"categories":[1589],"tags":[11,258,73,1866,12,71,1864,1865,1863,308],"class_list":{"0":"post-330567","1":"post","2":"type-post","3":"status-publish","4":"format-standard","5":"has-post-thumbnail","7":"category-etats-unis","8":"tag-actualites","9":"tag-alimentation","10":"tag-etats-unis","11":"tag-etats-unis-damerique","12":"tag-news","13":"tag-sante","14":"tag-united-states","15":"tag-united-states-of-america","16":"tag-us","17":"tag-usa"},"share_on_mastodon":{"url":"https:\/\/pubeurope.com\/@fr\/115058599873642161","error":""},"_links":{"self":[{"href":"https:\/\/www.europesays.com\/fr\/wp-json\/wp\/v2\/posts\/330567","targetHints":{"allow":["GET"]}}],"collection":[{"href":"https:\/\/www.europesays.com\/fr\/wp-json\/wp\/v2\/posts"}],"about":[{"href":"https:\/\/www.europesays.com\/fr\/wp-json\/wp\/v2\/types\/post"}],"author":[{"embeddable":true,"href":"https:\/\/www.europesays.com\/fr\/wp-json\/wp\/v2\/users\/2"}],"replies":[{"embeddable":true,"href":"https:\/\/www.europesays.com\/fr\/wp-json\/wp\/v2\/comments?post=330567"}],"version-history":[{"count":0,"href":"https:\/\/www.europesays.com\/fr\/wp-json\/wp\/v2\/posts\/330567\/revisions"}],"wp:featuredmedia":[{"embeddable":true,"href":"https:\/\/www.europesays.com\/fr\/wp-json\/wp\/v2\/media\/2837"}],"wp:attachment":[{"href":"https:\/\/www.europesays.com\/fr\/wp-json\/wp\/v2\/media?parent=330567"}],"wp:term":[{"taxonomy":"category","embeddable":true,"href":"https:\/\/www.europesays.com\/fr\/wp-json\/wp\/v2\/categories?post=330567"},{"taxonomy":"post_tag","embeddable":true,"href":"https:\/\/www.europesays.com\/fr\/wp-json\/wp\/v2\/tags?post=330567"}],"curies":[{"name":"wp","href":"https:\/\/api.w.org\/{rel}","templated":true}]}}