{"id":330578,"date":"2025-08-20T01:59:27","date_gmt":"2025-08-20T01:59:27","guid":{"rendered":"https:\/\/www.europesays.com\/fr\/330578\/"},"modified":"2025-08-20T01:59:27","modified_gmt":"2025-08-20T01:59:27","slug":"doechii-annule-sa-venue-a-rock-en-seine-quelques-heures-avant-le-debut-du-festival","status":"publish","type":"post","link":"https:\/\/www.europesays.com\/fr\/330578\/","title":{"rendered":"Doechii annule sa venue \u00e0 Rock en Seine quelques heures avant le d\u00e9but du festival"},"content":{"rendered":"<p>        <img decoding=\"async\" loading=\"lazy\" src=\"https:\/\/www.europesays.com\/fr\/wp-content\/uploads\/2025\/08\/b809446_upload-1-jafjsh3kh0cq-gettyimages-2229244951.jpg\"  width=\"728\" height=\"409\" alt=\"Doechii, ici \u00e0 Lollapalooza en ao\u00fbt 2025, ne sera finalement pas pr\u00e9sente \u00e0 l\u2019\u00e9dition 2025\u00a0de Rock en Seine.\"\/>  <\/p>\n<p>Erika Goldring \/ WireImage<\/p>\n<p>Doechii, ici \u00e0 Lollapalooza en ao\u00fbt 2025, ne sera finalement pas pr\u00e9sente \u00e0 l\u2019\u00e9dition 2025\u00a0de Rock en Seine.<\/p>\n<p class=\"asset asset-text\">MUSIQUE &#8211; Des milliers de festivaliers vont \u00eatre d\u00e9\u00e7us. La nouvelle figure de proue f\u00e9minine du rap am\u00e9ricain <a href=\"https:\/\/www.huffingtonpost.fr\/culture\/video\/la-rappeuse-doechii-ne-s-attendait-pas-a-une-telle-foule-de-fans-a-paris-pour-cette-rencontre-gratuite_247148.html\" target=\"_blank\" rel=\"noopener\">Doechii<\/a> a annul\u00e9 sa venue \u00e0 <a href=\"https:\/\/www.huffingtonpost.fr\/culture\/article\/le-groupe-kneecap-dans-le-viseur-de-bruno-retailleau-avant-son-concert-a-rock-en-seine_253676.html\" target=\"_blank\" rel=\"noopener\">Rock en Seine<\/a>, ont annonc\u00e9 ce mardi 19\u00a0ao\u00fbt les organisateurs du festival, \u00e0 deux jours d\u2019un concert tr\u00e8s attendu. \u00ab\u00a0Nous sommes au regret de vous annoncer que Doechii ne pourra pas se produire \u00e0 Rock en Seine ce jeudi\u00a0\u00bb, a indiqu\u00e9 le festival sur ses <a href=\"https:\/\/www.huffingtonpost.fr\/life\/video\/c-est-quoi-un-homme-performatif-ce-faux-allie-des-femmes-qui-est-la-risee-des-reseaux-sociaux_253722.html\" target=\"_blank\" rel=\"noopener\">r\u00e9seaux sociaux<\/a>.<\/p>\n<p class=\"asset asset-text\">\u00ab\u00a0C\u2019est une artiste incroyable et, comme tous ses fans, nous \u00e9tions tr\u00e8s impatients de la voir \u00e0 Paris\u00a0\u00bb, peut-on lire dans le communiqu\u00e9. La raison de son absence n\u2019a pas \u00e9t\u00e9 pr\u00e9cis\u00e9e. Le festival pr\u00e9vient \u00e9galement que, \u00ab\u00a0suite aux changements de programmation, les personnes ayant achet\u00e9 des billets pour cette date seront contact\u00e9es par e-mail dans les plus brefs d\u00e9lais\u00a0\u00bb.<\/p>\n<p class=\"asset asset-text\">L\u2019artiste de 27\u00a0ans, qui cartonne avec Anxiety et a re\u00e7u le Grammy du meilleur album rap de l\u2019ann\u00e9e pour sa troisi\u00e8me mixtape, Alligator Bites Never Heal, \u00e9tait pressentie comme l\u2019une des sensations du festival, qui s\u2019ouvre le 20\u00a0ao\u00fbt au soir dans le domaine national de Saint-Cloud, pr\u00e8s de Paris.<\/p>\n<p class=\"asset asset-text\">Originaire de Floride, Doechii s\u2019est faite discr\u00e8te en France, o\u00f9 elle n\u2019a donn\u00e9 que deux concerts parisiens\u00a0: l\u2019un en mars lors d\u2019un d\u00eener de gala, l\u2019autre \u00e0 l\u2019Alhambra en octobre\u00a02024, dans un d\u00e9cor inspir\u00e9 des marais, clin d\u2019\u0153il \u00e0 son \u00c9tat natal et \u00e0 son surnom de \u00ab\u00a0princesse des mar\u00e9cages\u00a0\u00bb.<\/p>\n<p>                     Nouvelle annulation pour Rock en Seine    <\/p>\n<p class=\"asset asset-text\">Jaylah Ji\u2019mya Hickmon, de son vrai nom, a d\u2019abord s\u00e9duit les r\u00e9seaux sociaux avec ses chansons comme Anxiety, reprise du titre mondialement connu Somebody That I Used To Know de Gotye. Adoub\u00e9e par ses pairs comme <a href=\"https:\/\/www.huffingtonpost.fr\/culture\/article\/comme-les-fans-de-kendrick-lamar-et-sza-personne-ne-va-echapper-a-ce-tube-de-rap-francais-cet-ete_252654.html\" target=\"_blank\" rel=\"noopener\">Kendrick Lamar<\/a> ou Tyler, The Creator, elle ma\u00eetrise l\u2019art des paroles incisives, avec un sens ac\u00e9r\u00e9 de l\u2019humour, comme lorsqu\u2019elle combat son alter ego int\u00e9rieur dans Denial Is A River.<\/p>\n<p class=\"asset asset-text\">Cette annulation de derni\u00e8re minute est un nouveau coup dur pour Rock en Seine, qui attire quelque 40\u00a0000 spectateurs par jour. L\u2019\u00e9v\u00e9nement avait d\u00e9j\u00e0 d\u00fb faire face \u00e0 l\u2019annulation de sa t\u00eate d\u2019affiche du jeudi\u00a0: ASAP Rocky, d\u00e9sengag\u00e9 de plusieurs gros festivals europ\u00e9ens, a \u00e9t\u00e9 remplac\u00e9 par Kid Cudi, autre rappeur am\u00e9ricain \u00e0 succ\u00e8s.<\/p>\n<p class=\"asset asset-text\">Apr\u00e8s une ouverture par la popstar Chappell Roan, le festival doit accueillir de nombreux artistes jusqu\u2019au dimanche 24\u00a0ao\u00fbt, dont Queens of the Stone Age, Justice et Kneecap. Si personne n\u2019annule sa venue d\u2019ici l\u00e0.<\/p>\n","protected":false},"excerpt":{"rendered":"Erika Goldring \/ WireImage Doechii, ici \u00e0 Lollapalooza en ao\u00fbt 2025, ne sera finalement pas pr\u00e9sente \u00e0 l\u2019\u00e9dition&hellip;\n","protected":false},"author":2,"featured_media":330579,"comment_status":"","ping_status":"","sticky":false,"template":"","format":"standard","meta":{"footnotes":""},"categories":[2],"tags":[11,251,849,22162,1011,27,873,12,25,36376],"class_list":{"0":"post-330578","1":"post","2":"type-post","3":"status-publish","4":"format-standard","5":"has-post-thumbnail","7":"category-actualites","8":"tag-actualites","9":"tag-culture","10":"tag-festival","11":"tag-festival-de-musique","12":"tag-fr","13":"tag-france","14":"tag-musique","15":"tag-news","16":"tag-republique-francaise","17":"tag-rock-en-seine"},"share_on_mastodon":{"url":"https:\/\/pubeurope.com\/@fr\/115058623488997734","error":""},"_links":{"self":[{"href":"https:\/\/www.europesays.com\/fr\/wp-json\/wp\/v2\/posts\/330578","targetHints":{"allow":["GET"]}}],"collection":[{"href":"https:\/\/www.europesays.com\/fr\/wp-json\/wp\/v2\/posts"}],"about":[{"href":"https:\/\/www.europesays.com\/fr\/wp-json\/wp\/v2\/types\/post"}],"author":[{"embeddable":true,"href":"https:\/\/www.europesays.com\/fr\/wp-json\/wp\/v2\/users\/2"}],"replies":[{"embeddable":true,"href":"https:\/\/www.europesays.com\/fr\/wp-json\/wp\/v2\/comments?post=330578"}],"version-history":[{"count":0,"href":"https:\/\/www.europesays.com\/fr\/wp-json\/wp\/v2\/posts\/330578\/revisions"}],"wp:featuredmedia":[{"embeddable":true,"href":"https:\/\/www.europesays.com\/fr\/wp-json\/wp\/v2\/media\/330579"}],"wp:attachment":[{"href":"https:\/\/www.europesays.com\/fr\/wp-json\/wp\/v2\/media?parent=330578"}],"wp:term":[{"taxonomy":"category","embeddable":true,"href":"https:\/\/www.europesays.com\/fr\/wp-json\/wp\/v2\/categories?post=330578"},{"taxonomy":"post_tag","embeddable":true,"href":"https:\/\/www.europesays.com\/fr\/wp-json\/wp\/v2\/tags?post=330578"}],"curies":[{"name":"wp","href":"https:\/\/api.w.org\/{rel}","templated":true}]}}