{"id":330584,"date":"2025-08-20T02:04:19","date_gmt":"2025-08-20T02:04:19","guid":{"rendered":"https:\/\/www.europesays.com\/fr\/330584\/"},"modified":"2025-08-20T02:04:19","modified_gmt":"2025-08-20T02:04:19","slug":"on-se-retrouve-a-chengdu-terence-atmane-precise-les-raisons-de-son-forfait-et-donne-rendez-vous-a-ses-fans-dans-un-mois","status":"publish","type":"post","link":"https:\/\/www.europesays.com\/fr\/330584\/","title":{"rendered":"\u00abOn se retrouve \u00e0 Chengdu\u00bb, Terence Atmane pr\u00e9cise les raisons de son forfait et donne rendez-vous \u00e0 ses fans dans un mois"},"content":{"rendered":"<p>Touch\u00e9 au pied, le Fran\u00e7ais de 23 ans sera de retour pour l\u2019ATP 250 de Chengdu du 17 au 23 septembre prochain.<\/p>\n<p class=\"fig-paragraph\">Nouveau\u00a0<a href=\"http:\/\/www.lefigaro.fr\/sports\/tennis\/us-open\/us-open-nouveau-69e-joueur-mondial-terence-atmane-defiera-jan-choinski-au-premier-tour-des-qualifications-20250818\" data-fig-type=\"NewsFlash\" data-gtm-custom-categorie=\"navigation\" data-gtm-custom-action=\"crossclick\" data-gtm-custom-label=\"Contextuel\" data-gtm-event=\"customEventSPE\" data-fig-domain=\"LEFIGARO\" target=\"_blank\" rel=\"noopener\">69e joueur mondial<\/a>\u00a0apr\u00e8s son \u00e9pop\u00e9e \u00e0 Cincinnati, Terence Atmane \u00e9tait attendu avec impatience mardi pour les qualifications de l\u2019US Open. Manque de bol,\u00a0<a href=\"http:\/\/www.lefigaro.fr\/sports\/tennis\/us-open\/us-open-coup-dur-pour-terence-atmane-contraint-declarer-forfait-20250819\" data-fig-type=\"NewsFlash\" data-gtm-custom-categorie=\"navigation\" data-gtm-custom-action=\"crossclick\" data-gtm-custom-label=\"Contextuel\" data-gtm-event=\"customEventSPE\" data-fig-domain=\"LEFIGARO\" target=\"_blank\" rel=\"noopener\">il s\u2019est bless\u00e9<\/a>\u00a0avant m\u00eame de pouvoir disputer son premier tour face Jan Choinski, 150e mondial. Le natif de Boulogne-sur-Mer a donn\u00e9 les r\u00e9sultats de son IRM du pied, qu\u2019il a pass\u00e9 lundi \u00e0 New York, dans une story Instagram.<\/p>\n<p class=\"fig-paragraph\">\u00abNous avons d\u00e9tect\u00e9 une d\u00e9chirure partielle de grade interm\u00e9diaire du ligament collat\u00e9ral m\u00e9dial de l\u2019articulation MTP du premier orteil, une l\u00e9sion musculaire de grade 2 touchant la t\u00eate m\u00e9diale du muscle court fl\u00e9chisseur de l\u2019hallux (le gros orteil), une d\u00e9chirure partielle de faible grade du ligament phalangien s\u00e9samo\u00efdien m\u00e9dial (\u00e0 proximit\u00e9 du gros orteil)\u00bb, a-t-il d\u2019abord \u00e9nonc\u00e9.<\/p>\n<p>                                    <a class=\"fig-a11y-skip a11y-hidden\" href=\"#fig-a11y-skip-main-inarticle\"><br \/>\n        Passer la publicit\u00e9<br \/>\n    <\/a><\/p>\n<p class=\"fig-paragraph\">\u00ab En d\u2019autres termes, cela m\u2019emp\u00eache de jouer l\u2019US Open&#8230; Je me sens triste car, avec mon dernier r\u00e9sultat, je voulais encha\u00eener, mais \u00eatre raisonnable et me pr\u00e9parer pour la tourn\u00e9e asiatique \u00e9tait la meilleure d\u00e9cision pour mon staff et moi. On se retrouve \u00e0 Chengdu\u00bb a conclu le Fran\u00e7ais de 23 ans, qui sera donc pr\u00e9sent en Chine du 17 au 23 septembre pour disputer cet\u00a0<a href=\"http:\/\/www.lefigaro.fr\/sports\/tennis\/tennis-le-jeune-espoir-chinois-juncheng-shang-decroche-son-premier-titre-en-dominant-musetti-a-chengdu-20240924\" data-fig-type=\"NewsFlash\" data-gtm-custom-categorie=\"navigation\" data-gtm-custom-action=\"crossclick\" data-gtm-custom-label=\"Contextuel\" data-gtm-event=\"customEventSPE\" data-fig-domain=\"LEFIGARO\" target=\"_blank\" rel=\"noopener\">ATP 250<\/a>. Il doit attendre un forfait pour int\u00e9grer le tableau principal.<\/p>\n","protected":false},"excerpt":{"rendered":"Touch\u00e9 au pied, le Fran\u00e7ais de 23 ans sera de retour pour l\u2019ATP 250 de Chengdu du 17&hellip;\n","protected":false},"author":2,"featured_media":330585,"comment_status":"","ping_status":"","sticky":false,"template":"","format":"standard","meta":{"footnotes":""},"categories":[1415],"tags":[4169,46827,1011,27,60,1467],"class_list":{"0":"post-330584","1":"post","2":"type-post","3":"status-publish","4":"format-standard","5":"has-post-thumbnail","7":"category-tennis","8":"tag-atp","9":"tag-chengdu","10":"tag-fr","11":"tag-france","12":"tag-sports","13":"tag-tennis"},"share_on_mastodon":{"url":"https:\/\/pubeurope.com\/@fr\/115058642941843801","error":""},"_links":{"self":[{"href":"https:\/\/www.europesays.com\/fr\/wp-json\/wp\/v2\/posts\/330584","targetHints":{"allow":["GET"]}}],"collection":[{"href":"https:\/\/www.europesays.com\/fr\/wp-json\/wp\/v2\/posts"}],"about":[{"href":"https:\/\/www.europesays.com\/fr\/wp-json\/wp\/v2\/types\/post"}],"author":[{"embeddable":true,"href":"https:\/\/www.europesays.com\/fr\/wp-json\/wp\/v2\/users\/2"}],"replies":[{"embeddable":true,"href":"https:\/\/www.europesays.com\/fr\/wp-json\/wp\/v2\/comments?post=330584"}],"version-history":[{"count":0,"href":"https:\/\/www.europesays.com\/fr\/wp-json\/wp\/v2\/posts\/330584\/revisions"}],"wp:featuredmedia":[{"embeddable":true,"href":"https:\/\/www.europesays.com\/fr\/wp-json\/wp\/v2\/media\/330585"}],"wp:attachment":[{"href":"https:\/\/www.europesays.com\/fr\/wp-json\/wp\/v2\/media?parent=330584"}],"wp:term":[{"taxonomy":"category","embeddable":true,"href":"https:\/\/www.europesays.com\/fr\/wp-json\/wp\/v2\/categories?post=330584"},{"taxonomy":"post_tag","embeddable":true,"href":"https:\/\/www.europesays.com\/fr\/wp-json\/wp\/v2\/tags?post=330584"}],"curies":[{"name":"wp","href":"https:\/\/api.w.org\/{rel}","templated":true}]}}