{"id":330586,"date":"2025-08-20T02:06:19","date_gmt":"2025-08-20T02:06:19","guid":{"rendered":"https:\/\/www.europesays.com\/fr\/330586\/"},"modified":"2025-08-20T02:06:19","modified_gmt":"2025-08-20T02:06:19","slug":"moto-gp-en-pleurs-quartararo-laisse-filer-la-victoire-zarco-2e","status":"publish","type":"post","link":"https:\/\/www.europesays.com\/fr\/330586\/","title":{"rendered":"Moto GP\u00a0: en pleurs, Quartararo laisse filer la victoire, Zarco 2e"},"content":{"rendered":"<p class=\"paragraph text_align_left lp-f-body-02\">La 7e manche du Championnat du monde de MotoGP a tenu toutes ses promesses. Sur le circuit de Silverstone, l\u2019Italien Marco Bezzecchi s\u2019est impos\u00e9 alors qu\u2019on a longtemps cru \u00e0 une victoire fran\u00e7aise.<\/p>\n<p class=\"paragraph text_align_left lp-f-body-02\">Deux semaines apr\u00e8s <a href=\"https:\/\/www.leparisien.fr\/sports\/motogp-johann-zarco-remporte-le-gp-de-france-une-premiere-pour-un-francais-depuis-1954-11-05-2025-YMBEXP4H6ZALBBOKXS5B3MBBF4.php\" target=\"_blank\" rel=\"noreferrer noopener\">la victoire de Johann Zarco au GP de France<\/a>, c\u2019est cette fois <a href=\"https:\/\/www.leparisien.fr\/sports\/motogp-record-du-circuit-pole-position-quartararo-frappe-fort-aux-qualifications-du-grand-prix-de-grande-bretagne-24-05-2025-ITKONGNAM5GRXIP5IUCDZCT3AM.php\" target=\"_blank\" rel=\"noreferrer noopener\">Fabio Quartararo <\/a>qui filait \u00e0 toute allure vers le drapeau \u00e0 damier avant qu\u2019un probl\u00e8me m\u00e9canique vienne tout mettre \u00e0 terre.<\/p>\n<p class=\"paragraph text_align_left lp-f-body-02\">Zarco termine \u00e0 une sublime deuxi\u00e8me place apr\u00e8s avoir r\u00e9sist\u00e9 au retour de l\u2019Espagnol, Marc Marquez.<\/p>\n<p class=\"paragraph text_align_left lp-f-body-02\">Le Grand Prix de Grande-Bretagne avait commenc\u00e9 dans la confusion. D\u00e8s le premier virage, <a href=\"https:\/\/www.leparisien.fr\/sports\/motogp-alex-marquez-remporte-la-course-sprint-au-gp-de-grande-bretagne-quartararo-7e-malgre-sa-pole-position-24-05-2025-KYCA3CJJ6VHK5LMFRS7F3XEAGU.php\" target=\"_blank\" rel=\"noreferrer noopener\">Alex Marquez, qui avait gagn\u00e9 le sprint samedi<\/a>, chute. Son fr\u00e8re, Marc, qui avait pris la t\u00eate, l\u2019imite au 3e virage.<\/p>\n<p class=\"paragraph text_align_left lp-f-body-02\">Les commissaires agitent alors le drapeau rouge pour stopper la course \u00e0 cause de la pr\u00e9sence d\u2019huile sur la piste. Comme le pr\u00e9voit le r\u00e8glement qui indique qu\u2019un nouveau d\u00e9part est ordonn\u00e9 si la course est interrompue avant le 3e tour, le Grand Prix de Grande-Bretagne a donc droit \u00e0 un nouveau d\u00e9part, toujours avec <a href=\"https:\/\/www.leparisien.fr\/sports\/motogp-record-du-circuit-pole-position-quartararo-frappe-fort-aux-qualifications-du-grand-prix-de-grande-bretagne-24-05-2025-ITKONGNAM5GRXIP5IUCDZCT3AM.php\" target=\"_blank\" rel=\"noreferrer noopener\">Fabio Quartararo en pole position<\/a> et les deux fr\u00e8res Marquez qui peuvent ainsi repartir.<\/p>\n<p class=\"paragraph text_align_left lp-f-body-02\">Au lieu des 20 tours initiaux, la course repart pour 19 tours seulement. D\u00e9cha\u00een\u00e9, le Ni\u00e7ois conserve sa premi\u00e8re place et s\u2019\u00e9chappe. L\u2019autre Fran\u00e7ais, Yohann Zarco, parti de la 9e place, est aussi survolt\u00e9 et remonte comme une fl\u00e8che.<\/p>\n<p class=\"paragraph text_align_left lp-f-body-02\">Au septi\u00e8me tour, les deux Fran\u00e7ais sont sur le podium avec toujours l\u2019intraitable Quartararo aux commandes et Zarco \u00e0 la troisi\u00e8me place. On se prend \u00e0 r\u00eaver \u00e0 un doubl\u00e9 tricolore.<\/p>\n<p class=\"paragraph text_align_left lp-f-body-02\">Pendant ce temps-l\u00e0, Bagnaia chute et abandonne tandis que les fr\u00e8res Marquez, retomb\u00e9s \u00e0 la 9e et 10e place, tentent de revenir de nulle part.<\/p>\n<p class=\"paragraph text_align_left lp-f-body-02\">Imp\u00e9rial en t\u00eate, Fabio Quartararo compte cinq secondes d\u2019avance sur le trio Bezzecchi-Zarco-Miller roue dans roue. Mais le 12e tour sonne le glas pour Fabio Quartararo victime d\u2019un probl\u00e8me m\u00e9canique. En larmes, le Ni\u00e7ois abandonne au bord de la piste.<\/p>\n<p class=\"paragraph text_align_left lp-f-body-02\">Marco Bezzecchi en profite pour prendre la t\u00eate devant Johann Zarco. Marc Marquez est troisi\u00e8me apr\u00e8s un num\u00e9ro dont il a le secret. Pendant que l\u2019Italien file vers la victoire, l\u2019Espagnol revient fort sur Zarco, qui r\u00e9ussit \u00e0 conserver son bien et occupe d\u00e9sormais la 4e place au classement g\u00e9n\u00e9ral du Championnat du monde.<\/p>\n<p class=\"paragraph text_align_left lp-f-body-02\">Apr\u00e8s la course, Fabio Quartararo avait s\u00e9ch\u00e9 ses larmes et retrouv\u00e9 un sourire tourner vers l\u2019avenir : \u00ab C\u2019\u00e9tait vraiment bien. On a eu une tr\u00e8s belle strat\u00e9gie sur la reprise. Malheureusement, on n\u2019a pas eu de chance. Mais en tout cas, \u00e7a fait du bien de se sentir aussi bien sur la moto et d\u2019avoir un gap de cinq secondes. Cela faisait pas mal d\u2019ann\u00e9es qu\u2019on ne le ressentait pas. \u00bb <\/p>\n<p class=\"paragraph text_align_left lp-f-body-02\">Concernant son probl\u00e8me m\u00e9canique, le pilote fran\u00e7ais explique au micro de Canal+: \u00ab Le device (une pi\u00e8ce) \u00e0 l\u2019arri\u00e8re s\u2019est bloqu\u00e9 en bas. Il s\u2019est cass\u00e9. \u00c7a nous arrive aujourd\u2019hui, c\u2019est frustrant. Mais je me suis montr\u00e9 \u00e0 moi-m\u00eame et \u00e0 toute l\u2019\u00e9quipe que j\u2019\u00e9tais capable d\u2019\u00eatre l\u00e0 dans des circonstances difficiles. On a r\u00e9ussir \u00e0 sortir notre \u00e9pingle de jeu. \u00bb<\/p>\n<p class=\"paragraph text_align_left lp-f-body-02\">Fier de sa deuxi\u00e8me place, Johann Zarco \u00e9tait lui aussi heureux : \u00ab Je n\u2019arrive pas \u00e0 y croire. C\u2019\u00e9tait une course tr\u00e8s sp\u00e9ciale. Au deuxi\u00e8me d\u00e9part, j\u2019ai gagn\u00e9 de nombreuses positions sur les premiers virages. Quand j\u2019ai vu que Fabio avait un probl\u00e8me technique, je me suis dit que je pouvais me battre pour la victoire. Mais j\u2019ai contr\u00f4l\u00e9 le retour de Marc, et je l\u2019ai bien fait. \u00bb<\/p>\n","protected":false},"excerpt":{"rendered":"La 7e manche du Championnat du monde de MotoGP a tenu toutes ses promesses. Sur le circuit de&hellip;\n","protected":false},"author":2,"featured_media":330587,"comment_status":"","ping_status":"","sticky":false,"template":"","format":"standard","meta":{"footnotes":""},"categories":[1413],"tags":[1011,27,1457,1456,60],"class_list":{"0":"post-330586","1":"post","2":"type-post","3":"status-publish","4":"format-standard","5":"has-post-thumbnail","7":"category-moto","8":"tag-fr","9":"tag-france","10":"tag-moto","11":"tag-motocycle","12":"tag-sports"},"share_on_mastodon":{"url":"https:\/\/pubeurope.com\/@fr\/115058650895401460","error":""},"_links":{"self":[{"href":"https:\/\/www.europesays.com\/fr\/wp-json\/wp\/v2\/posts\/330586","targetHints":{"allow":["GET"]}}],"collection":[{"href":"https:\/\/www.europesays.com\/fr\/wp-json\/wp\/v2\/posts"}],"about":[{"href":"https:\/\/www.europesays.com\/fr\/wp-json\/wp\/v2\/types\/post"}],"author":[{"embeddable":true,"href":"https:\/\/www.europesays.com\/fr\/wp-json\/wp\/v2\/users\/2"}],"replies":[{"embeddable":true,"href":"https:\/\/www.europesays.com\/fr\/wp-json\/wp\/v2\/comments?post=330586"}],"version-history":[{"count":0,"href":"https:\/\/www.europesays.com\/fr\/wp-json\/wp\/v2\/posts\/330586\/revisions"}],"wp:featuredmedia":[{"embeddable":true,"href":"https:\/\/www.europesays.com\/fr\/wp-json\/wp\/v2\/media\/330587"}],"wp:attachment":[{"href":"https:\/\/www.europesays.com\/fr\/wp-json\/wp\/v2\/media?parent=330586"}],"wp:term":[{"taxonomy":"category","embeddable":true,"href":"https:\/\/www.europesays.com\/fr\/wp-json\/wp\/v2\/categories?post=330586"},{"taxonomy":"post_tag","embeddable":true,"href":"https:\/\/www.europesays.com\/fr\/wp-json\/wp\/v2\/tags?post=330586"}],"curies":[{"name":"wp","href":"https:\/\/api.w.org\/{rel}","templated":true}]}}