{"id":330588,"date":"2025-08-20T02:07:15","date_gmt":"2025-08-20T02:07:15","guid":{"rendered":"https:\/\/www.europesays.com\/fr\/330588\/"},"modified":"2025-08-20T02:07:15","modified_gmt":"2025-08-20T02:07:15","slug":"om-gros-coup-dur-une-recrue-en-bequilles","status":"publish","type":"post","link":"https:\/\/www.europesays.com\/fr\/330588\/","title":{"rendered":"OM : Gros coup dur, une recrue en b\u00e9quilles !"},"content":{"rendered":"<p>                    Hugo Chirossel<br \/>\n                        &#8211;<\/p>\n<p>Journaliste<\/p>\n<p>Passionn\u00e9 de football depuis le plus jeune \u00e2ge, devenir journaliste sportif est rapidement devenu une \u00e9vidence pour Hugo. Il se d\u00e9couvrira plus tard un amour pour la NBA, avant d\u2019explorer d\u2019autres horizons comme ceux de la Formule 1 et de la NFL.<\/p>\n<p class=\"heading\">Suspendu et absent vendredi dernier \u00e0 Rennes lors de la premi\u00e8re journ\u00e9e de Ligue 1, Facundo Medina pourrait devoir encore patienter avant de faire ses d\u00e9buts en match officiel avec l\u2019OM. En effet, le d\u00e9fenseur \u00e2g\u00e9 de 26 ans s\u2019est bless\u00e9 ce mardi \u00e0 l\u2019entra\u00eenement et a quitt\u00e9 la Commanderie en b\u00e9quilles. <\/p>\n<p><a href=\"https:\/\/le10sport.com\/football\/mercato\/om-transfert-de-rabiot-cest-officiel-754890\" rel=\"nofollow noopener\" target=\"_blank\">Plac\u00e9 sur le march\u00e9 des transferts<\/a> par l\u2019<strong>OM<\/strong> apr\u00e8s son altercation avec <strong>Jonathan Rowe<\/strong>, <strong>Adrien Rabiot<\/strong> ne devrait pas \u00eatre pr\u00e9sent pour la r\u00e9ception du<strong> Paris FC <\/strong>samedi, pour le compte de la deuxi\u00e8me journ\u00e9e de Ligue 1, tout comme l\u2019Anglais. Une rencontre que pourrait \u00e9galement rater <strong>Facundo Medina<\/strong>. <\/p>\n<p>                                            Medina en b\u00e9quilles \u00e0 sa sortie de la Commanderie<\/p>\n<p>Arriv\u00e9 cet \u00e9t\u00e9 en provenance du <strong>RC Lens<\/strong>, l\u2019international argentin (7 s\u00e9lections) n\u2019a pas pu participer \u00e0 la rencontre face \u00e0<strong> Rennes<\/strong> (1-0) vendredi dernier, car il \u00e9tait suspendu. Il pourrait encore devoir patienter avant de faire ses d\u00e9buts en match officiel avec l\u2019<strong>OM<\/strong>, puisque<strong> Facundo Medina <\/strong>s\u2019est bless\u00e9 ce mardi \u00e0 l\u2019entra\u00eenement.<\/p>\n<p>                                            Un coup re\u00e7u \u00e0 la cheville<\/p>\n<p>Le d\u00e9fenseur \u00e2g\u00e9 de 26 ans a \u00e9t\u00e9 aper\u00e7u en b\u00e9quilles \u00e0 sa sortie de la Commanderie. Une blessure confirm\u00e9e par La Minute OM et Le Phoc\u00e9en de son c\u00f4t\u00e9 pr\u00e9cise qu\u2019il s\u2019agit d\u2019un coup re\u00e7u \u00e0 la cheville. <strong>Facundo Medina<\/strong> a \u00e9t\u00e9 conduit vers un centre m\u00e9dical afin de passer des examens de contr\u00f4le. Incertaine, sa pr\u00e9sence contre le <strong>Paris FC <\/strong>samedi n\u2019est pas encore compromise \u00e0 ce stade.<\/p>\n","protected":false},"excerpt":{"rendered":"Hugo Chirossel &#8211; Journaliste Passionn\u00e9 de football depuis le plus jeune \u00e2ge, devenir journaliste sportif est rapidement devenu&hellip;\n","protected":false},"author":2,"featured_media":330589,"comment_status":"","ping_status":"","sticky":false,"template":"","format":"standard","meta":{"footnotes":""},"categories":[1412],"tags":[1451,1452,1453,1454,1455,1011,27,60],"class_list":{"0":"post-330588","1":"post","2":"type-post","3":"status-publish","4":"format-standard","5":"has-post-thumbnail","7":"category-f1","8":"tag-f1","9":"tag-formula-1","10":"tag-formula1","11":"tag-formule-1","12":"tag-formule1","13":"tag-fr","14":"tag-france","15":"tag-sports"},"share_on_mastodon":{"url":"https:\/\/pubeurope.com\/@fr\/115058654963166106","error":""},"_links":{"self":[{"href":"https:\/\/www.europesays.com\/fr\/wp-json\/wp\/v2\/posts\/330588","targetHints":{"allow":["GET"]}}],"collection":[{"href":"https:\/\/www.europesays.com\/fr\/wp-json\/wp\/v2\/posts"}],"about":[{"href":"https:\/\/www.europesays.com\/fr\/wp-json\/wp\/v2\/types\/post"}],"author":[{"embeddable":true,"href":"https:\/\/www.europesays.com\/fr\/wp-json\/wp\/v2\/users\/2"}],"replies":[{"embeddable":true,"href":"https:\/\/www.europesays.com\/fr\/wp-json\/wp\/v2\/comments?post=330588"}],"version-history":[{"count":0,"href":"https:\/\/www.europesays.com\/fr\/wp-json\/wp\/v2\/posts\/330588\/revisions"}],"wp:featuredmedia":[{"embeddable":true,"href":"https:\/\/www.europesays.com\/fr\/wp-json\/wp\/v2\/media\/330589"}],"wp:attachment":[{"href":"https:\/\/www.europesays.com\/fr\/wp-json\/wp\/v2\/media?parent=330588"}],"wp:term":[{"taxonomy":"category","embeddable":true,"href":"https:\/\/www.europesays.com\/fr\/wp-json\/wp\/v2\/categories?post=330588"},{"taxonomy":"post_tag","embeddable":true,"href":"https:\/\/www.europesays.com\/fr\/wp-json\/wp\/v2\/tags?post=330588"}],"curies":[{"name":"wp","href":"https:\/\/api.w.org\/{rel}","templated":true}]}}