{"id":330590,"date":"2025-08-20T02:08:11","date_gmt":"2025-08-20T02:08:11","guid":{"rendered":"https:\/\/www.europesays.com\/fr\/330590\/"},"modified":"2025-08-20T02:08:11","modified_gmt":"2025-08-20T02:08:11","slug":"classement-tour-de-guyane-2025-resultats-de-letape-4-sinnamary","status":"publish","type":"post","link":"https:\/\/www.europesays.com\/fr\/330590\/","title":{"rendered":"CLASSEMENT. Tour de Guyane 2025 : R\u00e9sultats de l&rsquo;\u00e9tape 4 Sinnamary"},"content":{"rendered":"<p>L&rsquo;\u00e9tape de ce 19 ao\u00fbt, un circuit Sinnamary &#8211; Saut Sabbat &#8211; Saint-Laurent du Maroni, a \u00e9t\u00e9 remport\u00e9 par L\u00e9o Roy du Qu\u00e9bec lors d&rsquo;un sprint face \u00e0 deux autres coureurs. Le maillot jaune a lui encore chang\u00e9 de porteur, c&rsquo;est d\u00e9sormais le Britannique Charlie Lacaille qui l&rsquo;a. Le point sur le classement.<\/p>\n<p>\t\t\t\t                        <a href=\"https:\/\/la1ere.franceinfo.fr\/redaction\/ludmia-lewis\" class=\"a-article__author\" rel=\"nofollow noopener\" target=\"_blank\">Ludm\u00efa Lewis<\/a>            \t\t\t\t\u2022<\/p>\n<p>            Publi\u00e9 le 19 ao\u00fbt 2025 \u00e0 17h21<\/p>\n<p>Une nouvelle \u00e9tape avec son nouveau maillot jaune. C&rsquo;est la tendance depuis le d\u00e9but de ce tour. <strong>Personne n&rsquo;aura r\u00e9ussi \u00e0 conserver le maillot jaune plus d&rsquo;une \u00e9tape pour l&rsquo;instant<\/strong>. Au d\u00e9part de la 4\u00e8me \u00e9tape, il \u00e9tait sur les \u00e9paules du Guyanais Benjamin Bousquet. <strong>Le maillot est d\u00e9sormais avec le Britannique Charlie Lacaille.<\/strong><\/p>\n<p>Voici les 10 premiers coureurs du classement g\u00e9n\u00e9ral :<\/p>\n<ol>\n<li>LACAILLE Charlie (SCHILSD GBR)<\/li>\n<li>HUTCHINGS Oscar (SCHILSD GBR)<\/li>\n<li>DEROUAULT Baptiste (Haute Savoie)<\/li>\n<li>BOUSQUET Benjamin (VC Maroni)<\/li>\n<li>PARSONS James (Born&rsquo;heures)<\/li>\n<li>CLAVIER Kendrick (Guadeloupe)<\/li>\n<li>STANIS Myron (Espoir Cycliste)<\/li>\n<li>FLAVIEN Marc (Martinique)<\/li>\n<li>MOLLE Nathan (Born&rsquo;heures)<\/li>\n<li>GOULET Mathieu (Born&rsquo;heures)<\/li>\n<\/ol>\n<p><a target=\"_blank\" rel=\"noopener noreferrer nofollow\" href=\"https:\/\/drive.google.com\/file\/d\/1pAoLXiLEzXy0iRuM6VuBzZS_M9y5gVcy\/view?usp=sharing\">Cliquez ici pour avoir l&rsquo;int\u00e9gralit\u00e9 des classements (Espoir, Combin\u00e9, Equipe, etc.)<\/a><\/p>\n<p>            Partager l&rsquo;article<\/p>\n<p>    Fermer la fen\u00eatre de partage<\/p>\n<p>                        <img class=\"m-share-modal__article-illustration lazy\" width=\"80\" height=\"80\" aria-hidden=\"true\" data-src=\"https:\/\/www.europesays.com\/fr\/wp-content\/uploads\/2025\/08\/whatsapp-image-2025-08-19-at-12-35-56-68a4d9202e171084499822.jpg\" alt=\"\"\/><\/p>\n<p class=\"m-share-modal__article-title\">CLASSEMENT. Tour de Guyane 2025 : R\u00e9sultats de l&rsquo;\u00e9tape 4 Sinnamary &#8211; Saint-Laurent du Maroni et point sur le classement g\u00e9n\u00e9ral<\/p>\n<ul class=\"m-share-links m-share-links--default m-share-links--xl\">\n<li class=\"m-share-link\" data-piano=\"{&quot;feature&quot;:&quot;partage social media&quot;,&quot;content_type&quot;:&quot;article&quot;,&quot;content_title&quot;:&quot;classement_tour_de_guyane_2025_resultats_de_l_etape_4_sinnamary_saint_laurent_du_maroni_et_point_sur_le_classement_general&quot;,&quot;thematic&quot;:&quot;cyclisme&quot;,&quot;sub_thematic&quot;:&quot;Tour Cycliste de Guyane 2025&quot;,&quot;social_media&quot;:&quot;Facebook&quot;,&quot;click&quot;:&quot;Facebook&quot;}\">\n                                    <a href=\"https:\/\/www.facebook.com\/sharer.php?u=https:\/\/la1ere.franceinfo.fr\/guyane\/ouest-guyanais\/guyane\/classement-tour-de-guyane-2025-resultats-de-l-etape-4-sinnamary-saint-laurent-du-maroni-et-point-sur-le-classement-general-1614986.html\" class=\"a-btn a-btn--secondary a-btn--facebook\" aria-label=\"Partager sur facebook (ouvre une nouvelle fen\u00eatre)\" target=\"_blank\" rel=\"noopener nofollow\">Facebook<\/a><\/p>\n<\/li>\n<li class=\"m-share-link\" data-piano=\"{&quot;feature&quot;:&quot;partage social media&quot;,&quot;content_type&quot;:&quot;article&quot;,&quot;content_title&quot;:&quot;classement_tour_de_guyane_2025_resultats_de_l_etape_4_sinnamary_saint_laurent_du_maroni_et_point_sur_le_classement_general&quot;,&quot;thematic&quot;:&quot;cyclisme&quot;,&quot;sub_thematic&quot;:&quot;Tour Cycliste de Guyane 2025&quot;,&quot;social_media&quot;:&quot;Twitter&quot;,&quot;click&quot;:&quot;Twitter&quot;}\">\n                                    <a href=\"https:\/\/twitter.com\/share?text=CLASSEMENT.%20Tour%20de%20Guyane%202025%20%3A%20R%C3%A9sultats%20de%20l%27%C3%A9tape%204%20Sinnamary%20-%20Saint-Laurent%20du%20Maroni%20et%20point%20sur%20le%20classement%20g%C3%A9n%C3%A9ral&amp;url=https:\/\/la1ere.franceinfo.fr\/guyane\/ouest-guyanais\/guyane\/classement-tour-de-guyane-2025-resultats-de-l-etape-4-sinnamary-saint-laurent-du-maroni-et-point-sur-le-classement-general-1614986.html\" class=\"a-btn a-btn--secondary a-btn--twitter\" aria-label=\"Partager sur twitter (ouvre une nouvelle fen\u00eatre)\" target=\"_blank\" rel=\"noopener nofollow\">Twitter<\/a><\/p>\n<\/li>\n<li class=\"m-share-link\" data-piano=\"{&quot;feature&quot;:&quot;partage social media&quot;,&quot;content_type&quot;:&quot;article&quot;,&quot;content_title&quot;:&quot;classement_tour_de_guyane_2025_resultats_de_l_etape_4_sinnamary_saint_laurent_du_maroni_et_point_sur_le_classement_general&quot;,&quot;thematic&quot;:&quot;cyclisme&quot;,&quot;sub_thematic&quot;:&quot;Tour Cycliste de Guyane 2025&quot;,&quot;social_media&quot;:&quot;Whatsapp&quot;,&quot;click&quot;:&quot;Whatsapp&quot;}\">\n                                    <a href=\"https:\/\/wa.me\/?text=https:\/\/la1ere.franceinfo.fr\/guyane\/ouest-guyanais\/guyane\/classement-tour-de-guyane-2025-resultats-de-l-etape-4-sinnamary-saint-laurent-du-maroni-et-point-sur-le-classement-general-1614986.html\" class=\"a-btn a-btn--secondary a-btn--whatsapp js-share-whatsapp\" aria-label=\"Partager via whatsapp (ouvre une nouvelle fen\u00eatre)\" rel=\"noopener nofollow\" data-action=\"share\/whatsapp\/share\" target=\"_blank\">Whatsapp<\/a><\/p>\n<\/li>\n<li class=\"m-share-link\" data-piano=\"{&quot;feature&quot;:&quot;partage social media&quot;,&quot;content_type&quot;:&quot;article&quot;,&quot;content_title&quot;:&quot;classement_tour_de_guyane_2025_resultats_de_l_etape_4_sinnamary_saint_laurent_du_maroni_et_point_sur_le_classement_general&quot;,&quot;thematic&quot;:&quot;cyclisme&quot;,&quot;sub_thematic&quot;:&quot;Tour Cycliste de Guyane 2025&quot;,&quot;social_media&quot;:&quot;Mail&quot;,&quot;click&quot;:&quot;Mail&quot;}\">\n                                    <a href=\"mailto:?subject=CLASSEMENT.%20Tour%20de%20Guyane%202025%20%3A%20R%C3%A9sultats%20de%20l%27%C3%A9tape%204%20Sinnamary%20-%20Saint-Laurent%20du%20Maroni%20et%20point%20sur%20le%20classement%20g%C3%A9n%C3%A9ral&amp;body=https:\/\/la1ere.franceinfo.fr\/guyane\/ouest-guyanais\/guyane\/classement-tour-de-guyane-2025-resultats-de-l-etape-4-sinnamary-saint-laurent-du-maroni-et-point-sur-le-classement-general-1614986.html\" class=\"a-btn a-btn--secondary a-btn--mail\" aria-label=\"Partager par mail (ouvre une nouvelle fen\u00eatre)\">Mail<\/a><\/p>\n<\/li>\n<li class=\"m-share-link\" data-piano=\"{&quot;feature&quot;:&quot;partage social media&quot;,&quot;content_type&quot;:&quot;article&quot;,&quot;content_title&quot;:&quot;classement_tour_de_guyane_2025_resultats_de_l_etape_4_sinnamary_saint_laurent_du_maroni_et_point_sur_le_classement_general&quot;,&quot;thematic&quot;:&quot;cyclisme&quot;,&quot;sub_thematic&quot;:&quot;Tour Cycliste de Guyane 2025&quot;,&quot;social_media&quot;:&quot;Flipboard&quot;,&quot;click&quot;:&quot;Flipboard&quot;}\">\n                                    <a href=\"https:\/\/share.flipboard.com\/bookmarklet\/popout?v=2&amp;title=CLASSEMENT.%20Tour%20de%20Guyane%202025%20%3A%20R%C3%A9sultats%20de%20l%27%C3%A9tape%204%20Sinnamary%20-%20Saint-Laurent%20du%20Maroni%20et%20point%20sur%20le%20classement%20g%C3%A9n%C3%A9ral&amp;url=https:\/\/la1ere.franceinfo.fr\/guyane\/ouest-guyanais\/guyane\/classement-tour-de-guyane-2025-resultats-de-l-etape-4-sinnamary-saint-laurent-du-maroni-et-point-sur-le-classement-general-1614986.html\" class=\"a-btn a-btn--secondary a-btn--flipboard\" aria-label=\"Partager sur flipboard (ouvre une nouvelle fen\u00eatre)\" rel=\"noopener nofollow\" target=\"_blank\">Flipboard<\/a><\/p>\n<\/li>\n<li class=\"m-share-link\" data-piano=\"{&quot;feature&quot;:&quot;partage social media&quot;,&quot;content_type&quot;:&quot;article&quot;,&quot;content_title&quot;:&quot;classement_tour_de_guyane_2025_resultats_de_l_etape_4_sinnamary_saint_laurent_du_maroni_et_point_sur_le_classement_general&quot;,&quot;thematic&quot;:&quot;cyclisme&quot;,&quot;sub_thematic&quot;:&quot;Tour Cycliste de Guyane 2025&quot;,&quot;social_media&quot;:&quot;Messenger&quot;,&quot;click&quot;:&quot;Messenger&quot;}\">\n                                    <a href=\"fb-messenger:\/\/share\/?link=https:\/\/la1ere.franceinfo.fr\/guyane\/ouest-guyanais\/guyane\/classement-tour-de-guyane-2025-resultats-de-l-etape-4-sinnamary-saint-laurent-du-maroni-et-point-sur-le-classement-general-1614986.html\" class=\"a-btn a-btn--secondary a-btn--messenger\" aria-label=\"Partager via messenger (ouvre une nouvelle fen\u00eatre)\" rel=\"nofollow\">Messenger<\/a><\/p>\n<\/li>\n<li class=\"m-share-link\" data-piano=\"{&quot;feature&quot;:&quot;partage social media&quot;,&quot;content_type&quot;:&quot;article&quot;,&quot;content_title&quot;:&quot;classement_tour_de_guyane_2025_resultats_de_l_etape_4_sinnamary_saint_laurent_du_maroni_et_point_sur_le_classement_general&quot;,&quot;thematic&quot;:&quot;cyclisme&quot;,&quot;sub_thematic&quot;:&quot;Tour Cycliste de Guyane 2025&quot;,&quot;social_media&quot;:&quot;SMS&quot;,&quot;click&quot;:&quot;SMS&quot;}\">\n                                    <a href=\"https:\/\/la1ere.franceinfo.fr\/guyane\/ouest-guyanais\/guyane\/sms:?&amp;body=https%3A%2F%2Fla1ere.franceinfo.fr%2Fguyane%2Fouest-guyanais%2Fguyane%2Fclassement-tour-de-guyane-2025-resultats-de-l-etape-4-sinnamary-saint-laurent-du-maroni-et-point-sur-le-classement-general-1614986.html\" class=\"a-btn a-btn--secondary a-btn--sms\" aria-label=\"Partager l&#039;article par sms\" rel=\"nofollow noopener\" target=\"_blank\">SMS<\/a><\/p>\n<\/li>\n<li class=\"m-share-link\" data-piano=\"{&quot;feature&quot;:&quot;partage social media&quot;,&quot;content_type&quot;:&quot;article&quot;,&quot;content_title&quot;:&quot;classement_tour_de_guyane_2025_resultats_de_l_etape_4_sinnamary_saint_laurent_du_maroni_et_point_sur_le_classement_general&quot;,&quot;thematic&quot;:&quot;cyclisme&quot;,&quot;sub_thematic&quot;:&quot;Tour Cycliste de Guyane 2025&quot;,&quot;social_media&quot;:&quot;Copier le lien&quot;,&quot;click&quot;:&quot;Copier le lien&quot;}\">\n<p>    Copier le lien<\/p>\n<p>                https:\/\/la1ere.franceinfo.fr\/guyane\/ouest-guyanais\/guyane\/classement-tour-de-guyane-2025-resultats-de-l-etape-4-sinnamary-saint-laurent-du-maroni-et-point-sur-le-classement-general-1614986.html\n                    <\/li>\n<\/ul>\n<p>\t\t<script async src=\"https:\/\/platform.twitter.com\/widgets.js\" charset=\"utf-8\"><\/script><\/p>\n","protected":false},"excerpt":{"rendered":"L&rsquo;\u00e9tape de ce 19 ao\u00fbt, un circuit Sinnamary &#8211; Saut Sabbat &#8211; Saint-Laurent du Maroni, a \u00e9t\u00e9 remport\u00e9&hellip;\n","protected":false},"author":2,"featured_media":330591,"comment_status":"","ping_status":"","sticky":false,"template":"","format":"standard","meta":{"footnotes":""},"categories":[1411],"tags":[1154,207,1011,27,60],"class_list":{"0":"post-330590","1":"post","2":"type-post","3":"status-publish","4":"format-standard","5":"has-post-thumbnail","7":"category-cyclisme","8":"tag-cycling","9":"tag-cyclisme","10":"tag-fr","11":"tag-france","12":"tag-sports"},"share_on_mastodon":{"url":"https:\/\/pubeurope.com\/@fr\/115058658716713389","error":""},"_links":{"self":[{"href":"https:\/\/www.europesays.com\/fr\/wp-json\/wp\/v2\/posts\/330590","targetHints":{"allow":["GET"]}}],"collection":[{"href":"https:\/\/www.europesays.com\/fr\/wp-json\/wp\/v2\/posts"}],"about":[{"href":"https:\/\/www.europesays.com\/fr\/wp-json\/wp\/v2\/types\/post"}],"author":[{"embeddable":true,"href":"https:\/\/www.europesays.com\/fr\/wp-json\/wp\/v2\/users\/2"}],"replies":[{"embeddable":true,"href":"https:\/\/www.europesays.com\/fr\/wp-json\/wp\/v2\/comments?post=330590"}],"version-history":[{"count":0,"href":"https:\/\/www.europesays.com\/fr\/wp-json\/wp\/v2\/posts\/330590\/revisions"}],"wp:featuredmedia":[{"embeddable":true,"href":"https:\/\/www.europesays.com\/fr\/wp-json\/wp\/v2\/media\/330591"}],"wp:attachment":[{"href":"https:\/\/www.europesays.com\/fr\/wp-json\/wp\/v2\/media?parent=330590"}],"wp:term":[{"taxonomy":"category","embeddable":true,"href":"https:\/\/www.europesays.com\/fr\/wp-json\/wp\/v2\/categories?post=330590"},{"taxonomy":"post_tag","embeddable":true,"href":"https:\/\/www.europesays.com\/fr\/wp-json\/wp\/v2\/tags?post=330590"}],"curies":[{"name":"wp","href":"https:\/\/api.w.org\/{rel}","templated":true}]}}