{"id":330592,"date":"2025-08-20T02:09:12","date_gmt":"2025-08-20T02:09:12","guid":{"rendered":"https:\/\/www.europesays.com\/fr\/330592\/"},"modified":"2025-08-20T02:09:12","modified_gmt":"2025-08-20T02:09:12","slug":"toulouse-perd-son-capitaine-un-flop-quitte-rennes-pour-le-bresil-off","status":"publish","type":"post","link":"https:\/\/www.europesays.com\/fr\/330592\/","title":{"rendered":"Toulouse perd son capitaine, un flop quitte Rennes pour le Br\u00e9sil (off)"},"content":{"rendered":"<p>Zapping Foot National Entretien &#8211; Les dessous du football amateur, avec Romain Molina<\/p>\n<p>Les heures se suivent et se ressemblent au sein de l\u2019\u00e9lite fran\u00e7aise. Ce mardi 19 ao\u00fbt, deux clubs de Ligue 1 ont effectivement officialis\u00e9 du mouvement. \u00c0 commencer par Toulouse, qui perd son capitaine. Le pensionnaire du Stadium a ainsi annonc\u00e9 le d\u00e9part de Vincent Sierro. Le milieu de terrain rejoint l\u2019Arabie Saoudite apr\u00e8s avoir disput\u00e9 91 matchs sous les couleurs violettes. Auteur de douze buts et sept passes d\u00e9cisives toutes comp\u00e9titions confondues, l\u2019international suisse laissera un grand vide derri\u00e8re lui. Le joueur de 29 ans s\u2019est engag\u00e9 avec Al-Shabab pour une dur\u00e9e ind\u00e9termin\u00e9e.\u00a0<\/p>\n<p>Rennes se s\u00e9pare d\u2019un ind\u00e9sirable<\/p>\n<p>De son c\u00f4t\u00e9, le Stade Rennais continue de redessiner les contours de son effectif. Le club breton a act\u00e9 le pr\u00eat d\u2019Andr\u00e9s G\u00f3mez \u00e0 Vasco de Gama. L\u2019international colombien (quatre s\u00e9lections, deux buts) est li\u00e9 pour toute la saison au br\u00e9sil. Sous contrat jusqu\u2019en juin 2029 avec le SRFC, l\u2019attaquant a disput\u00e9 17 bouts de matchs en Ligue 1, pour trois r\u00e9alisations.\u00a0<\/p>\n<p>Partagez cette info avec vos amis et vos proches en cliquant ici<br \/>Pour r\u00e9sumer<\/p>\n<p>Les heures se suivent et se ressemblent au sein de l\u2019\u00e9lite fran\u00e7aise. Ce mardi 19 ao\u00fbt, deux clubs de Ligue 1 ont effectivement officialis\u00e9 du mouvement. \u00c0 commencer par Toulouse, qui perd son capitaine.<\/p>\n<p> <img decoding=\"async\" width=\"76\" height=\"76\" loading=\"lazy\" src=\"https:\/\/static.wui.fr\/images_v3\/avatar-footnational.png\" alt=\"Youcef Ghalaza-Boudra\"\/><\/p>\n","protected":false},"excerpt":{"rendered":"Zapping Foot National Entretien &#8211; Les dessous du football amateur, avec Romain Molina Les heures se suivent et&hellip;\n","protected":false},"author":2,"featured_media":330593,"comment_status":"","ping_status":"","sticky":false,"template":"","format":"standard","meta":{"footnotes":""},"categories":[1410],"tags":[63,1011,27,60],"class_list":{"0":"post-330592","1":"post","2":"type-post","3":"status-publish","4":"format-standard","5":"has-post-thumbnail","7":"category-football","8":"tag-football","9":"tag-fr","10":"tag-france","11":"tag-sports"},"share_on_mastodon":{"url":"https:\/\/pubeurope.com\/@fr\/115058662748939262","error":""},"_links":{"self":[{"href":"https:\/\/www.europesays.com\/fr\/wp-json\/wp\/v2\/posts\/330592","targetHints":{"allow":["GET"]}}],"collection":[{"href":"https:\/\/www.europesays.com\/fr\/wp-json\/wp\/v2\/posts"}],"about":[{"href":"https:\/\/www.europesays.com\/fr\/wp-json\/wp\/v2\/types\/post"}],"author":[{"embeddable":true,"href":"https:\/\/www.europesays.com\/fr\/wp-json\/wp\/v2\/users\/2"}],"replies":[{"embeddable":true,"href":"https:\/\/www.europesays.com\/fr\/wp-json\/wp\/v2\/comments?post=330592"}],"version-history":[{"count":0,"href":"https:\/\/www.europesays.com\/fr\/wp-json\/wp\/v2\/posts\/330592\/revisions"}],"wp:featuredmedia":[{"embeddable":true,"href":"https:\/\/www.europesays.com\/fr\/wp-json\/wp\/v2\/media\/330593"}],"wp:attachment":[{"href":"https:\/\/www.europesays.com\/fr\/wp-json\/wp\/v2\/media?parent=330592"}],"wp:term":[{"taxonomy":"category","embeddable":true,"href":"https:\/\/www.europesays.com\/fr\/wp-json\/wp\/v2\/categories?post=330592"},{"taxonomy":"post_tag","embeddable":true,"href":"https:\/\/www.europesays.com\/fr\/wp-json\/wp\/v2\/tags?post=330592"}],"curies":[{"name":"wp","href":"https:\/\/api.w.org\/{rel}","templated":true}]}}