{"id":330597,"date":"2025-08-20T02:11:15","date_gmt":"2025-08-20T02:11:15","guid":{"rendered":"https:\/\/www.europesays.com\/fr\/330597\/"},"modified":"2025-08-20T02:11:15","modified_gmt":"2025-08-20T02:11:15","slug":"a-88-ans-david-hockney-rayonne-avec-ses-peintures-de-la-campagne-de-normandie","status":"publish","type":"post","link":"https:\/\/www.europesays.com\/fr\/330597\/","title":{"rendered":"\u00e0 88 ans, David Hockney rayonne avec ses peintures de la campagne de Normandie"},"content":{"rendered":"<p>            lire plus tard<\/p>\n<p id=\"dialog__title\" class=\"dialog__title\">Pour sauvegarder cet article, connectez-vous ou cr\u00e9ez un compte franceinfo<\/p>\n<p class=\"dialog__description\">Sans paiement. Sans abonnement.<\/p>\n<p>        Fermer la fen\u00eatre d\u2019activation des notifications France Info<\/p>\n<p>            cr\u00e9er votre compte<\/p>\n<p>            se connecter<\/p>\n<p>        Fermer la fen\u00eatre de pr\u00e9sentation<\/p>\n<p>    Publi\u00e9 le 19\/08\/2025 23:41<\/p>\n<p>        Temps de lecture : 2min &#8211; vid\u00e9o : 3min<\/p>\n<p>    <img decoding=\"async\" class=\"francetv-player-wrapper__image\" alt=\"Il est consid\u00e9r\u00e9 comme l'un des plus grands peintres de notre temps : le Britannique David Hockney. Mondialement connu pour ses tableaux de piscines californiennes, il trouve aujourd'hui son inspiration dans les paysages de la campagne normande, o\u00f9 il s'est install\u00e9 il y a quelques ann\u00e9es. A 88 ans, il n'a rien perdu de son esprit pop.\"  width=\"432\" height=\"243\" src=\"https:\/\/www.europesays.com\/fr\/wp-content\/uploads\/2025\/08\/au-soleil-un-americain-en-normandie-68a4eb5119ed0058448727.jpg\" fetchpriority=\"high\"\/><\/p>\n<p>              Il est consid\u00e9r\u00e9 comme l&rsquo;un des plus grands peintres de notre temps : le Britannique David Hockney. Mondialement connu pour ses tableaux de piscines californiennes, il trouve aujourd&rsquo;hui son inspiration dans les paysages de la campagne normande, o\u00f9 il s&rsquo;est install\u00e9 il y a quelques ann\u00e9es. A 88 ans, il n&rsquo;a rien perdu de son esprit pop.<br \/>\n                    (France 2)<\/p>\n<p>      3min<\/p>\n<p>\n  Il est consid\u00e9r\u00e9 comme l&rsquo;un des plus grands peintres de notre temps : le Britannique David Hockney. Mondialement connu pour ses tableaux de piscines californiennes, il trouve aujourd&rsquo;hui son inspiration dans les paysages de la campagne normande, o\u00f9 il s&rsquo;est install\u00e9 il y a quelques ann\u00e9es. A 88 ans, il n&rsquo;a rien perdu de son esprit pop.\n<\/p>\n<p><strong>Ce texte correspond \u00e0 une partie de la retranscription du reportage ci-dessus. Cliquez sur la vid\u00e9o pour la regarder en int\u00e9gralit\u00e9.<\/strong><\/p>\n<p>Comme de petites explosions de lumi\u00e8re pour c\u00e9l\u00e9brer un bonheur simple du quotidien. Le lever du jour, ou encore des soleils presque enfantins, sign\u00e9s <a target=\"_self\" rel=\"noopener noreferrer nofollow\" href=\"https:\/\/www.franceinfo.fr\/culture\/arts-expos\/meilleures-expos\/david-hockney-a-la-fondation-louis-vuitton-25-ans-de-peinture-le-sacre-du-printemps-de-la-lumiere-et-de-la-couleur_7179588.html\">David Hockney<\/a>, 88 ans, un peintre solaire. L&rsquo;\u00e9t\u00e9, Hockney, \u00e7a le conna\u00eet et \u00e7a l&rsquo;inspire depuis toujours. Il y a 60 ans, le Britannique d\u00e9couvrait la Californie et ses piscines. Des tableaux devenus iconiques qui ont fait de lui le peintre pop le plus cher du monde.<\/p>\n<p>\u00ab\u00a0Les gens pensent que je passe toute ma vie au bord de la piscine, alors que je passe ma vie \u00e0 peindre\u00a0\u00bb, racontait-il avec amusement en 1999. Mais r\u00e9cemment, il a chang\u00e9 de d\u00e9cor. Adieu les piscines turquoise, bonjour les prairies du bocage normand. <\/p>\n<p>En 2019, il ach\u00e8te une vieille maison \u00e0 colombages. Et ici, il laisse tomber le chevalet et peint sur une tablette. La technologie devient le carnet de croquis de cet \u00e9ternel curieux. Et \u00e0 l&rsquo;arriv\u00e9e du Covid, peindre \u00e0 l&rsquo;iPad prend tout son sens. Confin\u00e9, il peut envoyer ses dessins \u00e0 ses amis. Des paysages solaires, accompagn\u00e9s d&rsquo;un message d&rsquo;espoir : \u00ab\u00a0N&rsquo;oubliez pas, on ne peut pas annuler le printemps.\u00a0\u00bb<\/p>\n<p>Des journ\u00e9es moroses, mais le peintre pr\u00e9f\u00e8re c\u00e9l\u00e9brer l&rsquo;arriv\u00e9e du printemps. Jamais il n&rsquo;a \u00e9t\u00e9 aussi productif que pendant le confinement. Un m\u00eame paysage, 220 tableaux. M\u00eame coinc\u00e9 chez lui, son super-pouvoir c&rsquo;est de s&rsquo;\u00e9merveiller de tout ce qu&rsquo;il voit autour de lui. \u00c0 88 ans, Hockney a gard\u00e9 ses yeux d&rsquo;enfant. \u00ab\u00a0Les paysages ne sont jamais ennuyeux parce que c&rsquo;est la nature. Ce sont seulement les repr\u00e9sentations qu&rsquo;on en fait qui peuvent \u00eatre fades. Il suffit juste de faire quelque chose de diff\u00e9rent et c&rsquo;est ce que j&rsquo;ai essay\u00e9 de faire toute ma vie\u00a0\u00bb, explique-t-il ainsi. <\/p>\n<p>Une vision qu&rsquo;il partage avec le monde entier. Juste apr\u00e8s le Covid, un soleil normand et num\u00e9rique a illumin\u00e9 New York, Tokyo, Londres. Des rayons qui envahissent les villes, comme une invitation \u00e0 prendre le temps de regarder la beaut\u00e9 de la nature.<\/p>\n","protected":false},"excerpt":{"rendered":"lire plus tard Pour sauvegarder cet article, connectez-vous ou cr\u00e9ez un compte franceinfo Sans paiement. Sans abonnement. Fermer&hellip;\n","protected":false},"author":2,"featured_media":330598,"comment_status":"","ping_status":"","sticky":false,"template":"","format":"standard","meta":{"footnotes":""},"categories":[1358],"tags":[1348,1384,1385,1386,58,59,1011,27],"class_list":{"0":"post-330597","1":"post","2":"type-post","3":"status-publish","4":"format-standard","5":"has-post-thumbnail","7":"category-arts-et-design","8":"tag-arts","9":"tag-arts-and-design","10":"tag-arts-et-design","11":"tag-design","12":"tag-divertissement","13":"tag-entertainment","14":"tag-fr","15":"tag-france"},"share_on_mastodon":{"url":"https:\/\/pubeurope.com\/@fr\/115058671187294665","error":""},"_links":{"self":[{"href":"https:\/\/www.europesays.com\/fr\/wp-json\/wp\/v2\/posts\/330597","targetHints":{"allow":["GET"]}}],"collection":[{"href":"https:\/\/www.europesays.com\/fr\/wp-json\/wp\/v2\/posts"}],"about":[{"href":"https:\/\/www.europesays.com\/fr\/wp-json\/wp\/v2\/types\/post"}],"author":[{"embeddable":true,"href":"https:\/\/www.europesays.com\/fr\/wp-json\/wp\/v2\/users\/2"}],"replies":[{"embeddable":true,"href":"https:\/\/www.europesays.com\/fr\/wp-json\/wp\/v2\/comments?post=330597"}],"version-history":[{"count":0,"href":"https:\/\/www.europesays.com\/fr\/wp-json\/wp\/v2\/posts\/330597\/revisions"}],"wp:featuredmedia":[{"embeddable":true,"href":"https:\/\/www.europesays.com\/fr\/wp-json\/wp\/v2\/media\/330598"}],"wp:attachment":[{"href":"https:\/\/www.europesays.com\/fr\/wp-json\/wp\/v2\/media?parent=330597"}],"wp:term":[{"taxonomy":"category","embeddable":true,"href":"https:\/\/www.europesays.com\/fr\/wp-json\/wp\/v2\/categories?post=330597"},{"taxonomy":"post_tag","embeddable":true,"href":"https:\/\/www.europesays.com\/fr\/wp-json\/wp\/v2\/tags?post=330597"}],"curies":[{"name":"wp","href":"https:\/\/api.w.org\/{rel}","templated":true}]}}