{"id":330606,"date":"2025-08-20T02:16:16","date_gmt":"2025-08-20T02:16:16","guid":{"rendered":"https:\/\/www.europesays.com\/fr\/330606\/"},"modified":"2025-08-20T02:16:16","modified_gmt":"2025-08-20T02:16:16","slug":"des-ecureuils-zombies-envahissent-les-jardins-les-experts-mettent-en-garde-les-habitants","status":"publish","type":"post","link":"https:\/\/www.europesays.com\/fr\/330606\/","title":{"rendered":"Des \u00ab \u00e9cureuils zombies \u00bb envahissent les jardins, les experts mettent en garde les habitants"},"content":{"rendered":"<p><strong>L\u2019apparence terrifiante des \u00e9cureuils est le signe d\u2019un virus qui se propage entre les rongeurs en Am\u00e9rique du Nord. Ainsi, les scientifiques recommandent de ne pas s&rsquo;approcher des rongeurs.\u00a0<\/strong><\/p>\n<p>Apr\u00e8s les \u00ab <a href=\"https:\/\/www.demotivateur.fr\/animaux\/lapins-avec-tentacules-sur-le-visage-les-scientifiques-ont-decouvert-la-cause-de-cette-anomalie-44977\" rel=\"nofollow noopener\" target=\"_blank\">lapins Frankenstein<\/a> \u00bb qui s\u00e9vissent dans les parcs, les \u00c9tats-Unis ont \u00e9galement aper\u00e7u des \u00ab \u00e9cureuils zombies \u00bb. Des <a href=\"https:\/\/www.demotivateur.fr\/animaux\/quatre-petits-ecureuils-roux-sont-nes-en-angleterre-une-bonne-nouvelle-pour-l-espece-35223\" rel=\"nofollow noopener\" target=\"_blank\">\u00e9cureuils<\/a> couverts de plaies suintantes envahissent les jardins outre-Atlantique et au Canada. Les premi\u00e8res observations de ces sp\u00e9cimens remontent \u00e0 2023.<\/p>\n<p>Plusieurs t\u00e9moins racontent sur les r\u00e9seaux sociaux avoir aper\u00e7u des \u00e9cureuils gris couverts d\u2019excroissances suintant de pus. Ce sont en fait des petites tumeurs qui recouvrent la t\u00eate, les yeux, les jambes, les pieds et m\u00eame les organes g\u00e9nitaux des rongeurs.<\/p>\n<p>Au d\u00e9but, certains soup\u00e7onnaient la variole de l\u2019\u00e9cureuil, un virus pourtant rare aux \u00c9tats-Unis et qui touche les \u00e9cureuils roux. Il s\u2019agirait en fait de la fibromatose de l&rsquo;\u00e9cureuil. Elle est caus\u00e9e par un virus, le leporipoxvirus, et entra\u00eene des excroissance ressemblant \u00e0 des verrues.<\/p>\n<p>Un virus qui se propage \u00e0 cause d\u2019un objet de jardin<\/p>\n<p><img decoding=\"async\" loading=\"lazy\" src=\"https:\/\/www.europesays.com\/fr\/wp-content\/uploads\/2025\/08\/Capture d\u2019\u00e9cran 2025-08-18 103155.jpg\" width=\"660\" height=\"477\" alt=\"\u00c9cureuil atteint de fibromatose\" caption=\"false\"\/>Cr\u00e9dit photo : Marie McKinnon\/ X<\/p>\n<p>Selon les experts, la fibromatose est une maladie de peau courante chez les \u00e9cureuils gris des \u00c9tats-Unis. Elle se r\u00e9pand par contact direct entre les \u00e9cureuils sains et les \u00e9cureuils malades via des l\u00e9sions ou la salive. Le Daily Mail compare m\u00eame cette transmission \u00e0 l\u2019herp\u00e8s chez l\u2019homme.<\/p>\n<p>Cependant, les experts se veulent rassurants. Le virus ne peut se propager aux humains ou \u00e0 d\u2019autres animaux. Par ailleurs, ces excroissances ne seraient pas nocives pour les rongeurs et gu\u00e9rissent d\u2019elles-m\u00eames.<\/p>\n<p><img decoding=\"async\" loading=\"lazy\" src=\"https:\/\/www.europesays.com\/fr\/wp-content\/uploads\/2025\/08\/Capture d\u2019\u00e9cran 2025-08-18 104020.jpg\" width=\"632\" height=\"338\" alt=\"\u00c9cureuil atteint de fibromatose\" caption=\"false\"\/>Cr\u00e9dit photo : Fassmcjar\/ Reddit<\/p>\n<p>Les experts de la faune sauvage pensent que le virus se propage \u00e0 cause des mangeoires \u00e0 oiseaux install\u00e9es dans les jardins des particuliers. Il se r\u00e9pand donc entre les \u00e9cureuils. Shevenell Webb, du D\u00e9partement des p\u00eaches et de la faune du Maine, d\u00e9conseille toutefois de toucher les \u00e9cureuils : \u00ab C&rsquo;est une maladie naturelle qui dispara\u00eetra avec le temps. \u00bb<\/p>\n<p>Dans des cas tr\u00e8s graves, la fibromatose peut affecter les organes internes des \u00e9cureuils et entra\u00eener la mort. Le dernier cas observ\u00e9 du virus depuis sa premi\u00e8re observation date d\u2019il y a un mois outre-Atlantique.<\/p>\n","protected":false},"excerpt":{"rendered":"L\u2019apparence terrifiante des \u00e9cureuils est le signe d\u2019un virus qui se propage entre les rongeurs en Am\u00e9rique du&hellip;\n","protected":false},"author":2,"featured_media":330607,"comment_status":"","ping_status":"","sticky":false,"template":"","format":"standard","meta":{"footnotes":""},"categories":[10],"tags":[1011,27,72,71],"class_list":{"0":"post-330606","1":"post","2":"type-post","3":"status-publish","4":"format-standard","5":"has-post-thumbnail","7":"category-sante","8":"tag-fr","9":"tag-france","10":"tag-health","11":"tag-sante"},"share_on_mastodon":{"url":"https:\/\/pubeurope.com\/@fr\/115058690223210757","error":""},"_links":{"self":[{"href":"https:\/\/www.europesays.com\/fr\/wp-json\/wp\/v2\/posts\/330606","targetHints":{"allow":["GET"]}}],"collection":[{"href":"https:\/\/www.europesays.com\/fr\/wp-json\/wp\/v2\/posts"}],"about":[{"href":"https:\/\/www.europesays.com\/fr\/wp-json\/wp\/v2\/types\/post"}],"author":[{"embeddable":true,"href":"https:\/\/www.europesays.com\/fr\/wp-json\/wp\/v2\/users\/2"}],"replies":[{"embeddable":true,"href":"https:\/\/www.europesays.com\/fr\/wp-json\/wp\/v2\/comments?post=330606"}],"version-history":[{"count":0,"href":"https:\/\/www.europesays.com\/fr\/wp-json\/wp\/v2\/posts\/330606\/revisions"}],"wp:featuredmedia":[{"embeddable":true,"href":"https:\/\/www.europesays.com\/fr\/wp-json\/wp\/v2\/media\/330607"}],"wp:attachment":[{"href":"https:\/\/www.europesays.com\/fr\/wp-json\/wp\/v2\/media?parent=330606"}],"wp:term":[{"taxonomy":"category","embeddable":true,"href":"https:\/\/www.europesays.com\/fr\/wp-json\/wp\/v2\/categories?post=330606"},{"taxonomy":"post_tag","embeddable":true,"href":"https:\/\/www.europesays.com\/fr\/wp-json\/wp\/v2\/tags?post=330606"}],"curies":[{"name":"wp","href":"https:\/\/api.w.org\/{rel}","templated":true}]}}