{"id":330611,"date":"2025-08-20T02:20:19","date_gmt":"2025-08-20T02:20:19","guid":{"rendered":"https:\/\/www.europesays.com\/fr\/330611\/"},"modified":"2025-08-20T02:20:19","modified_gmt":"2025-08-20T02:20:19","slug":"fidji-simo-a-open-ai-le-fabuleux-destin-dune-frenchie-devenue-reine-de-la-tech","status":"publish","type":"post","link":"https:\/\/www.europesays.com\/fr\/330611\/","title":{"rendered":"Fidji Simo \u00e0 Open AI\u00a0: le fabuleux destin d\u2019une frenchie devenue reine de la Tech"},"content":{"rendered":"<p class=\"paragraph text_align_left lp-f-body-02\">Pas besoin de ChatGPT pour raconter une histoire de r\u00eave am\u00e9ricain accompli. Le parcours de Fidji Simo, issue d\u2019une famille de p\u00eacheurs s\u00e9tois, suffit \u00e0 remettre une pi\u00e8ce dans la machine \u00e0 r\u00eave d\u2019un exil r\u00e9ussi. La Franco-Am\u00e9ricaine <a href=\"https:\/\/www.leparisien.fr\/high-tech\/la-francaise-fidji-simo-prend-la-tete-dopen-ia-ce-lundi-18-08-2025-HK475PI2KNHLDDI64MQTCKT6VQ.php\" target=\"_self\" rel=\"nofollow noopener\">a pris ce lundi le poste convoit\u00e9 de num\u00e9ro 2 d\u2019Open AI, <\/a>la jeune pousse cr\u00e9atrice de ChatGPT.<\/p>\n<p class=\"paragraph text_align_left lp-f-body-02\">L\u2019aboutissement d\u2019une ascension stratosph\u00e9rique et d\u2019une pr\u00e9cocit\u00e9 rare. Fille d\u2019un p\u00eacheur d\u2019origine espagnole et d\u2019une commer\u00e7ante franco sicilienne de S\u00e8te (<a href=\"https:\/\/www.leparisien.fr\/herault-34\/\" target=\"_blank\" rel=\"noreferrer nofollow noopener\">H\u00e9rault<\/a>), Fidji Simo n\u2019a pas le pied marin mais h\u00e9rite d\u2019un pr\u00e9nom inspir\u00e9 des \u00eeles. \u00ab Elle \u00e9tait hyperactive quand elle \u00e9tait enfant, il fallait toujours qu\u2019elle fasse quelque chose comme construire des objets du futur \u00bb, nous confiait il y a quelques ann\u00e9es sa m\u00e8re Tch\u00e9tine Simo, au moment o\u00f9 nous dressions d\u00e9j\u00e0 son portrait. \u00ab Elle a appris \u00e0 lire d\u00e8s ses 4 ans et nous savions qu\u2019elle \u00e9tait pr\u00e9dispos\u00e9e \u00e0 un destin surprenant ! \u00bb<\/p>\n","protected":false},"excerpt":{"rendered":"Pas besoin de ChatGPT pour raconter une histoire de r\u00eave am\u00e9ricain accompli. Le parcours de Fidji Simo, issue&hellip;\n","protected":false},"author":2,"featured_media":330612,"comment_status":"","ping_status":"","sticky":false,"template":"","format":"standard","meta":{"footnotes":""},"categories":[6],"tags":[35,33,34,1011,27,142],"class_list":{"0":"post-330611","1":"post","2":"type-post","3":"status-publish","4":"format-standard","5":"has-post-thumbnail","7":"category-economie","8":"tag-business","9":"tag-economie","10":"tag-economy","11":"tag-fr","12":"tag-france","13":"tag-high-tech"},"share_on_mastodon":{"url":"https:\/\/pubeurope.com\/@fr\/115058706004456867","error":""},"_links":{"self":[{"href":"https:\/\/www.europesays.com\/fr\/wp-json\/wp\/v2\/posts\/330611","targetHints":{"allow":["GET"]}}],"collection":[{"href":"https:\/\/www.europesays.com\/fr\/wp-json\/wp\/v2\/posts"}],"about":[{"href":"https:\/\/www.europesays.com\/fr\/wp-json\/wp\/v2\/types\/post"}],"author":[{"embeddable":true,"href":"https:\/\/www.europesays.com\/fr\/wp-json\/wp\/v2\/users\/2"}],"replies":[{"embeddable":true,"href":"https:\/\/www.europesays.com\/fr\/wp-json\/wp\/v2\/comments?post=330611"}],"version-history":[{"count":0,"href":"https:\/\/www.europesays.com\/fr\/wp-json\/wp\/v2\/posts\/330611\/revisions"}],"wp:featuredmedia":[{"embeddable":true,"href":"https:\/\/www.europesays.com\/fr\/wp-json\/wp\/v2\/media\/330612"}],"wp:attachment":[{"href":"https:\/\/www.europesays.com\/fr\/wp-json\/wp\/v2\/media?parent=330611"}],"wp:term":[{"taxonomy":"category","embeddable":true,"href":"https:\/\/www.europesays.com\/fr\/wp-json\/wp\/v2\/categories?post=330611"},{"taxonomy":"post_tag","embeddable":true,"href":"https:\/\/www.europesays.com\/fr\/wp-json\/wp\/v2\/tags?post=330611"}],"curies":[{"name":"wp","href":"https:\/\/api.w.org\/{rel}","templated":true}]}}