{"id":330613,"date":"2025-08-20T02:21:12","date_gmt":"2025-08-20T02:21:12","guid":{"rendered":"https:\/\/www.europesays.com\/fr\/330613\/"},"modified":"2025-08-20T02:21:12","modified_gmt":"2025-08-20T02:21:12","slug":"kaja-kallas-une-cheffe-de-la-diplomatie-europeenne-aveuglee-par-la-haine-de-la-russie","status":"publish","type":"post","link":"https:\/\/www.europesays.com\/fr\/330613\/","title":{"rendered":"Kaja Kallas, une cheffe de la diplomatie europ\u00e9enne aveugl\u00e9e par la haine de la Russie"},"content":{"rendered":"<p><a href=\"https:\/\/www.lejdd.fr\/international\/europe-kallas-et-orban-deux-visions-geopolitiques-opposees-pour-lavenir-du-vieux-continent-150509\" target=\"_blank\" rel=\"nofollow noopener\">Kaja Kallas<\/a> a \u00e9t\u00e9 Premier ministre d\u2019<a href=\"https:\/\/www.lejdd.fr\/International\/apres-des-tirs-reussis-lestonie-veut-commander-de-nouveaux-canons-caesar-a-la-france-160773\" target=\"_blank\" rel=\"nofollow noopener\">Estonie<\/a>. Son p\u00e8re aussi. On voit cela dans les r\u00e9publiques banani\u00e8res. Elle est d\u00e9sormais vice-pr\u00e9sidente de la Commission europ\u00e9enne. Son p\u00e8re l\u2019a \u00e9t\u00e9 lui aussi. Le cas est unique. Elle fait mieux qu\u2019Ursula Albrecht, \u00e9pouse von\u00a0der\u00a0Leyen, qui a \u00e9t\u00e9 \u00e9lue au Parlement de Basse-Saxe qu\u2019a pr\u00e9sid\u00e9 son p\u00e8re Ernst\u00a0Albrecht et qui est \u00e0 la t\u00eate de la Commission europ\u00e9enne dont il pilotait la direction g\u00e9n\u00e9rale de la concurrence.<\/p>\n<p>L\u2019avantage des filles \u00e0 papa, c\u2019est qu\u2019elles sont immunis\u00e9es contre l\u2019hubris. Quand Papa montre l\u2019exemple, on ne se prend pas pour Dieu le P\u00e8re. L\u2019inconv\u00e9nient, c\u2019est qu\u2019elles sont tent\u00e9es de r\u00e9gler les comptes familiaux. Kaja Kallas est fille, petite-fille et arri\u00e8re-petite-fille de d\u00e9port\u00e9es au temps des soviets. Elle n\u2019est pas devenue avocate pour rien. Elle a h\u00e9rit\u00e9 de leur col\u00e8re. Elle est fi\u00e8re d\u2019avoir \u00e9t\u00e9 vis\u00e9e \u00e0 son tour par un avis de recherche du Kremlin qui la poursuit pour \u00ab\u00a0destruction et d\u00e9gradation de monuments aux soldats sovi\u00e9tiques de la Seconde Guerre mondiale\u00a0\u00bb.<\/p>\n<p>Derri\u00e8re les barreaux<\/p>\n<p>\u00c0 ses yeux, l\u2019Union sovi\u00e9tique peut bien \u00eatre redevenue la <a href=\"https:\/\/www.lejdd.fr\/International\/donbass-pourquoi-la-percee-russe-nest-pas-une-surprise-161063\" target=\"_blank\" rel=\"nofollow noopener\">Russie<\/a>, le goulag est son vrai nom. Elle redoute que les Estoniens soient de nouveau enferm\u00e9s dans cette maison de fous, une maison hant\u00e9e. Elle dit\u00a0: \u00ab\u00a0Si la Russie gagne, nous aurons des guerres plus importantes.\u00a0\u00bb Comprenez\u00a0: la guerre dans les pays baltes. Elle voit <a href=\"https:\/\/www.lejdd.fr\/International\/pierre-lellouche-poutine-est-le-grand-gagnant-du-sommet-en-alaska-161069\" target=\"_blank\" rel=\"nofollow noopener\">Vladimir Poutine<\/a> comme un tueur du Gu\u00e9p\u00e9ou. Son id\u00e9e fixe\u00a0: le mettre en cage. Sa place est derri\u00e8re les barreaux, pas sur le tapis rouge d\u2019Anchorage. Pour cette justici\u00e8re, la paix aura toujours des allures de capitulation. Son projet de Tribunal sp\u00e9cial pour l\u2019<a href=\"https:\/\/www.lejdd.fr\/International\/guerre-en-ukraine-ce-quil-faut-retenir-du-sommet-entre-trump-zelensky-et-lue-a-washington-161123\" target=\"_blank\" rel=\"nofollow noopener\">Ukraine<\/a> interdit tout compromis.<\/p>\n<blockquote class=\"exergue\">\n<p>Kaja Kallas n\u2019\u00e9coute aucune mise en garde. Elle reste polaris\u00e9e sur la Russie<\/p>\n<\/blockquote>\n<p>En hissant l\u2019\u00e9t\u00e9 dernier Kaja Kallas au poste de haut repr\u00e9sentant pour la politique de S\u00e9curit\u00e9 et un autre Balte comme commissaire \u00e0 la D\u00e9fense, le Lituanien Kubilius, qui pr\u00e9voit la guerre avec la Russie d\u2019ici six \u00e0 huit\u00a0ans, les dirigeants europ\u00e9ens ont choisi des crois\u00e9s va-t-en-guerre et des pro-am\u00e9ricains. Personne n\u2019y voyait de contradiction. La col\u00e8re aveugle vraiment. Ce sont des choix \u00e0\u00a0contre-temps. Avec Donald Trump, \u00ab\u00a0la guerre en Ukraine est stupide\u00a0\u00bb et c\u2019est la faute de <a href=\"https:\/\/www.lejdd.fr\/joe-biden\" target=\"_blank\" rel=\"nofollow noopener\">Biden<\/a>\u2026 Les Europ\u00e9ens avaient jou\u00e9 les arbitres au temps des accords de Minsk. Donald Trump ne leur conc\u00e8de m\u00eame pas un strapontin quand il rencontre Vladimir Poutine. Ils n\u2019ont aucun moyen de conclure la guerre, ni la paix. Ils en sont r\u00e9duits \u00e0 accompagner <a href=\"https:\/\/www.lejdd.fr\/International\/guerre-en-ukraine-ce-quil-faut-retenir-du-sommet-entre-trump-zelensky-et-lue-a-washington-161123\" target=\"_blank\" rel=\"nofollow noopener\">Volodymyr Zelensky<\/a> dans le Bureau ovale, pr\u00eats \u00e0 partager son humiliation.<\/p>\n<p>Kara h\u00e9las\u00a0!<\/p>\n<p>La col\u00e8re est aveugle. Elle est sourde aussi. Kaja Kallas n\u2019\u00e9coute aucune mise en garde. Elle reste polaris\u00e9e sur la Russie. Elle se contente de banalit\u00e9s sur le Proche-Orient, la M\u00e9diterran\u00e9e, l\u2019immigration. Quand <a href=\"https:\/\/www.lejdd.fr\/politique\/francois-xavier-bellamy-nous-sortons-enfin-de-lagenda-ideologique-159429\" target=\"_blank\" rel=\"nofollow noopener\">Fran\u00e7ois-Xavier Bellamy<\/a> lui parle de <a href=\"https:\/\/www.lejdd.fr\/International\/boualem-sansal-en-prison-il-ny-a-que-les-naifs-et-ceux-qui-ne-connaissent-pas-lalgerie-qui-sattendaient-a-une-grace-159951\" target=\"_blank\" rel=\"nofollow noopener\">Boualem Sansal<\/a> aux oubliettes \u00e0 Alger, elle lui demande comment s\u2019orthographie son nom. On a reproch\u00e9 \u00e0 la diplomatie fran\u00e7aise de ne pas l\u2019avoir mobilis\u00e9e. Mais le comit\u00e9 de soutien \u00e0 l\u2019\u00e9crivain l\u2019avait appel\u00e9e \u00e0 l\u2019aide.<\/p>\n<p>    La suite apr\u00e8s cette publicit\u00e9<\/p>\n<p>\u00ab\u00a0Kaja Kallas, Kara h\u00e9las\u00a0!\u00a0\u00bb avait l\u00e2ch\u00e9 un ancien commissaire \u00e0 sa nomination, persuad\u00e9 qu\u2019il ne peut pas y avoir de victoire en Ukraine et que l\u2019Europe va-t-en-guerre allait se retrouver pi\u00e9g\u00e9e par la d\u00e9fection des Am\u00e9ricains. \u00c0 Bruxelles, Kara Kallas compte d\u00e9sormais pour du beurre. Apr\u00e8s l\u2019\u00e9chec de<a href=\"https:\/\/www.lejdd.fr\/International\/guerre-en-ukraine-les-coulisses-du-sommet-trump-poutine-161067\" target=\"_blank\" rel=\"nofollow noopener\"> la rencontre en Alaska<\/a>, elle a cach\u00e9 sa joie\u00a0: \u00ab\u00a0La triste r\u00e9alit\u00e9, c\u2019est que la Russie n\u2019a aucune intention de mettre fin \u00e0 cette guerre de sit\u00f4t.\u00a0\u00bb Il y a un avantage \u00e0 la col\u00e8re. Elle prot\u00e8ge de l\u2019amertume.<\/p>\n","protected":false},"excerpt":{"rendered":"Kaja Kallas a \u00e9t\u00e9 Premier ministre d\u2019Estonie. Son p\u00e8re aussi. On voit cela dans les r\u00e9publiques banani\u00e8res. Elle&hellip;\n","protected":false},"author":2,"featured_media":330614,"comment_status":"","ping_status":"","sticky":false,"template":"","format":"standard","meta":{"footnotes":""},"categories":[5],"tags":[11,1011,27,14,12,28],"class_list":{"0":"post-330613","1":"post","2":"type-post","3":"status-publish","4":"format-standard","5":"has-post-thumbnail","7":"category-international","8":"tag-actualites","9":"tag-fr","10":"tag-france","11":"tag-international","12":"tag-news","13":"tag-world"},"share_on_mastodon":{"url":"https:\/\/pubeurope.com\/@fr\/115058709902170548","error":""},"_links":{"self":[{"href":"https:\/\/www.europesays.com\/fr\/wp-json\/wp\/v2\/posts\/330613","targetHints":{"allow":["GET"]}}],"collection":[{"href":"https:\/\/www.europesays.com\/fr\/wp-json\/wp\/v2\/posts"}],"about":[{"href":"https:\/\/www.europesays.com\/fr\/wp-json\/wp\/v2\/types\/post"}],"author":[{"embeddable":true,"href":"https:\/\/www.europesays.com\/fr\/wp-json\/wp\/v2\/users\/2"}],"replies":[{"embeddable":true,"href":"https:\/\/www.europesays.com\/fr\/wp-json\/wp\/v2\/comments?post=330613"}],"version-history":[{"count":0,"href":"https:\/\/www.europesays.com\/fr\/wp-json\/wp\/v2\/posts\/330613\/revisions"}],"wp:featuredmedia":[{"embeddable":true,"href":"https:\/\/www.europesays.com\/fr\/wp-json\/wp\/v2\/media\/330614"}],"wp:attachment":[{"href":"https:\/\/www.europesays.com\/fr\/wp-json\/wp\/v2\/media?parent=330613"}],"wp:term":[{"taxonomy":"category","embeddable":true,"href":"https:\/\/www.europesays.com\/fr\/wp-json\/wp\/v2\/categories?post=330613"},{"taxonomy":"post_tag","embeddable":true,"href":"https:\/\/www.europesays.com\/fr\/wp-json\/wp\/v2\/tags?post=330613"}],"curies":[{"name":"wp","href":"https:\/\/api.w.org\/{rel}","templated":true}]}}