{"id":330616,"date":"2025-08-20T02:23:43","date_gmt":"2025-08-20T02:23:43","guid":{"rendered":"https:\/\/www.europesays.com\/fr\/330616\/"},"modified":"2025-08-20T02:23:43","modified_gmt":"2025-08-20T02:23:43","slug":"macron-juge-que-son-ami-bayrou-peut-tenir-le-gouvernement-jusquen-2027","status":"publish","type":"post","link":"https:\/\/www.europesays.com\/fr\/330616\/","title":{"rendered":"Macron juge que son \u00ab\u00a0ami\u00a0\u00bb Bayrou peut \u00ab\u00a0tenir le gouvernement\u00a0\u00bb jusqu\u2019en\u00a02027"},"content":{"rendered":"<p>Le Premier ministre a finalement la confiance du pr\u00e9sident jusqu\u2019\u00e0 la fin du mandat. <a href=\"https:\/\/www.20minutes.fr\/politique\/francois_bayrou\/\" class=\"c-link c-link--is-underlined\" target=\"_blank\" rel=\"noopener\">Fran\u00e7ois Bayrou<\/a> \u00ab\u00a0est mon ami\u2026 mon compagnon de route. Il a les capacit\u00e9s pour tenir ce gouvernement qui n\u2019est pas habituel\u00a0\u00bb, plaide mardi dans <a href=\"https:\/\/www.parismatch.com\/actu\/politique\/exclusif-je-veux-faire-respecter-la-verite-ukraine-calomnie-sur-brigitte-les-mises-au-point-demmanuel-macron-255751\" target=\"_blank\" class=\"c-link c-link--is-underlined\" rel=\"noopener\">Paris Match<\/a> <a href=\"https:\/\/www.20minutes.fr\/politique\/emmanuel-macron\/\" class=\"c-link c-link--is-underlined\" target=\"_blank\" rel=\"noopener\">Emmanuel Macron<\/a> qui \u00ab\u00a0esp\u00e8re\u00a0\u00bb que le <a href=\"https:\/\/www.20minutes.fr\/dossier\/premier_ministre\" class=\"c-link c-link--is-underlined\" target=\"_blank\" rel=\"noopener\">Premier ministre<\/a> puisse rester jusqu\u2019en\u00a02027.<\/p>\n<p>Il a \u00e9galement r\u00e9p\u00e9t\u00e9 qu\u2019il ne veut pas de nouvelle <a href=\"https:\/\/www.20minutes.fr\/dossier\/dissolution\" class=\"c-link c-link--is-underlined\" target=\"_blank\" rel=\"noopener\">dissolution<\/a>, estimant que c\u2019est \u00ab\u00a0aux responsables politiques de savoir travailler ensemble\u00a0\u00bb.<\/p>\n<p>\u00ab\u00a0Le pays a vraiment besoin de stabilit\u00e9\u00a0\u00bb<\/p>\n<p>Il d\u00e9fend le <a href=\"https:\/\/www.20minutes.fr\/politique\/4162977-20250715-budget-2025-francois-bayrou-operation-kamikaze-plan-economies-40-milliards\" class=\"c-link c-link--is-underlined\" target=\"_blank\" rel=\"noopener\">plan d\u2019\u00e9conomies budg\u00e9taires <\/a>\u00ab\u00a0lucide et courageux\u00a0\u00bb du Premier ministre, \u00ab\u00a0que nous avons longuement pr\u00e9par\u00e9 ensemble\u00a0\u00bb. Ce plan pr\u00e9voit notamment le gel de la plupart des d\u00e9penses de l\u2019\u00c9tat en\u00a02026 au niveau de\u00a02025, une \u00ab\u00a0ann\u00e9e blanche\u00a0\u00bb gelant le bar\u00e8me des imp\u00f4ts, des prestations sociales et des retraites ou encore la suppression de deux jours f\u00e9ri\u00e9s.<\/p>\n<p>Face au risque d\u2019une censure du gouvernement par le <a href=\"https:\/\/www.20minutes.fr\/politique\/rassemblement-national\/\" class=\"c-link c-link--is-underlined\" target=\"_blank\" rel=\"noopener\">Rassemblement national<\/a> et la gauche sur le budget \u00e0 l\u2019automne, le chef de l\u2019Etat avertit que \u00ab\u00a0les responsables politiques doivent vraiment faire attention \u00e0 ce qu\u2019ils feront\u00a0\u00bb.<\/p>\n<\/p>\n<p>\u00ab\u00a0Dans le contexte international, le pays a vraiment besoin de stabilit\u00e9. Donc pas de coups politiques. Et du courage pour prendre les d\u00e9cisions fortes\u00a0\u00bb, juge-t-il.<\/p>\n<p>Il r\u00e9p\u00e8te qu\u2019il ne veut pas de nouvelle dissolution. \u00ab\u00a0On a un Parlement qui refl\u00e8te les fractures du pays. C\u2019est aux responsables politiques de savoir travailler ensemble. Regardez ce qui se passe en <a href=\"https:\/\/www.20minutes.fr\/dossier\/allemagne\" class=\"c-link c-link--is-underlined\" target=\"_blank\" rel=\"noopener\">Allemagne<\/a>. C\u2019est ainsi que s\u2019organise la coalition du chancelier <a href=\"https:\/\/www.20minutes.fr\/politique\/friedrich-merz\/\" class=\"c-link c-link--is-underlined\" target=\"_blank\" rel=\"noopener\">Merz\u00a0<\/a>\u00bb, argumente-t-il.<\/p>\n","protected":false},"excerpt":{"rendered":"Le Premier ministre a finalement la confiance du pr\u00e9sident jusqu\u2019\u00e0 la fin du mandat. Fran\u00e7ois Bayrou \u00ab\u00a0est mon&hellip;\n","protected":false},"author":2,"featured_media":330617,"comment_status":"","ping_status":"","sticky":false,"template":"","format":"standard","meta":{"footnotes":""},"categories":[2],"tags":[47,11,416,13281,3079,1073,1011,27,431,12,316,3363],"class_list":{"0":"post-330616","1":"post","2":"type-post","3":"status-publish","4":"format-standard","5":"has-post-thumbnail","7":"category-actualites","8":"tag-actualite","9":"tag-actualites","10":"tag-assemblee-nationale","11":"tag-dissolution-de-lassemblee-nationale","12":"tag-election-presidentielle-2027","13":"tag-emmanuel-macron","14":"tag-fr","15":"tag-france","16":"tag-francois-bayrou","17":"tag-news","18":"tag-politique","19":"tag-premier-ministre"},"share_on_mastodon":{"url":"https:\/\/pubeurope.com\/@fr\/115058717673039529","error":""},"_links":{"self":[{"href":"https:\/\/www.europesays.com\/fr\/wp-json\/wp\/v2\/posts\/330616","targetHints":{"allow":["GET"]}}],"collection":[{"href":"https:\/\/www.europesays.com\/fr\/wp-json\/wp\/v2\/posts"}],"about":[{"href":"https:\/\/www.europesays.com\/fr\/wp-json\/wp\/v2\/types\/post"}],"author":[{"embeddable":true,"href":"https:\/\/www.europesays.com\/fr\/wp-json\/wp\/v2\/users\/2"}],"replies":[{"embeddable":true,"href":"https:\/\/www.europesays.com\/fr\/wp-json\/wp\/v2\/comments?post=330616"}],"version-history":[{"count":0,"href":"https:\/\/www.europesays.com\/fr\/wp-json\/wp\/v2\/posts\/330616\/revisions"}],"wp:featuredmedia":[{"embeddable":true,"href":"https:\/\/www.europesays.com\/fr\/wp-json\/wp\/v2\/media\/330617"}],"wp:attachment":[{"href":"https:\/\/www.europesays.com\/fr\/wp-json\/wp\/v2\/media?parent=330616"}],"wp:term":[{"taxonomy":"category","embeddable":true,"href":"https:\/\/www.europesays.com\/fr\/wp-json\/wp\/v2\/categories?post=330616"},{"taxonomy":"post_tag","embeddable":true,"href":"https:\/\/www.europesays.com\/fr\/wp-json\/wp\/v2\/tags?post=330616"}],"curies":[{"name":"wp","href":"https:\/\/api.w.org\/{rel}","templated":true}]}}