{"id":330618,"date":"2025-08-20T02:25:28","date_gmt":"2025-08-20T02:25:28","guid":{"rendered":"https:\/\/www.europesays.com\/fr\/330618\/"},"modified":"2025-08-20T02:25:28","modified_gmt":"2025-08-20T02:25:28","slug":"ligue-2-un-supporterisme-2-0-les-socios-verts-en-passe-de-devenir-actionnaire-de-lasse","status":"publish","type":"post","link":"https:\/\/www.europesays.com\/fr\/330618\/","title":{"rendered":"Ligue 2. \u00ab\u00a0Un support\u00e9risme 2.0\u00a0\u00bb\u00a0: les Socios Verts en passe de devenir actionnaire de l\u2019ASSE"},"content":{"rendered":"<p>\u00ab\u00a0La boucle est boucl\u00e9e\u00a0\u00bb. Sous le regard des portraits g\u00e9ants de Roger Rocher et Robert Herbin qui habillent les murs de la Brasserie des Verts, J\u00e9r\u00e9my Chatonnier, le pr\u00e9sident des Socios Verts aux c\u00f4t\u00e9s de son pr\u00e9d\u00e9cesseur Thierry Simonnet, peut souffler. Quatre ans apr\u00e8s la cr\u00e9ation de l\u2019association de supporters de l\u2019ASSE n\u00e9e dans le but de devenir actionnaire minoritaire du club, le r\u00eave est tout proche de se transformer en r\u00e9alit\u00e9.<\/p>\n<p>Actionnaire \u00e0 hauteur\u2026 de 0,1\u00a0%<\/p>\n<p>Il est le fruit d\u2019un long lobbying aupr\u00e8s de la paire Ca\u00efazzo-Romeyer d\u2019abord, puis du nouveau propri\u00e9taire ensuite. Mais tout s\u2019est d\u00e9bloqu\u00e9 au printemps dernier quand l\u2019un des rares actionnaires minoritaires du club, qui pr\u00e9f\u00e8re rester anonyme, a accept\u00e9 de vendre ses parts d\u2019un montant de 120\u00a0000\u00a0euros. Encore fallait-il obtenir l\u2019accord de Kilmer Sport Ventures, qui pouvait l\u00e9galement mettre son veto au rachat. La bonne&#8230;<\/p>\n","protected":false},"excerpt":{"rendered":"\u00ab\u00a0La boucle est boucl\u00e9e\u00a0\u00bb. Sous le regard des portraits g\u00e9ants de Roger Rocher et Robert Herbin qui habillent&hellip;\n","protected":false},"author":2,"featured_media":330619,"comment_status":"","ping_status":"","sticky":false,"template":"","format":"standard","meta":{"footnotes":""},"categories":[9653],"tags":[1111,11,4000,2430,7539,1777,674,107,63,1011,27,4002,3367,12,25,4001,7538,517],"class_list":{"0":"post-330618","1":"post","2":"type-post","3":"status-publish","4":"format-standard","5":"has-post-thumbnail","7":"category-saint-etienne","8":"tag-actu","9":"tag-actualites","10":"tag-asse-as-saint-etienne-football","11":"tag-auvergne-rhone-alpes","12":"tag-edition-loire-sud","13":"tag-eu","14":"tag-europe","15":"tag-fil-info","16":"tag-football","17":"tag-fr","18":"tag-france","19":"tag-haute-loire","20":"tag-loire","21":"tag-news","22":"tag-republique-francaise","23":"tag-saint-etienne","24":"tag-saint-etienne-ville","25":"tag-sport"},"share_on_mastodon":{"url":"https:\/\/pubeurope.com\/@fr\/115058725495666689","error":""},"_links":{"self":[{"href":"https:\/\/www.europesays.com\/fr\/wp-json\/wp\/v2\/posts\/330618","targetHints":{"allow":["GET"]}}],"collection":[{"href":"https:\/\/www.europesays.com\/fr\/wp-json\/wp\/v2\/posts"}],"about":[{"href":"https:\/\/www.europesays.com\/fr\/wp-json\/wp\/v2\/types\/post"}],"author":[{"embeddable":true,"href":"https:\/\/www.europesays.com\/fr\/wp-json\/wp\/v2\/users\/2"}],"replies":[{"embeddable":true,"href":"https:\/\/www.europesays.com\/fr\/wp-json\/wp\/v2\/comments?post=330618"}],"version-history":[{"count":0,"href":"https:\/\/www.europesays.com\/fr\/wp-json\/wp\/v2\/posts\/330618\/revisions"}],"wp:featuredmedia":[{"embeddable":true,"href":"https:\/\/www.europesays.com\/fr\/wp-json\/wp\/v2\/media\/330619"}],"wp:attachment":[{"href":"https:\/\/www.europesays.com\/fr\/wp-json\/wp\/v2\/media?parent=330618"}],"wp:term":[{"taxonomy":"category","embeddable":true,"href":"https:\/\/www.europesays.com\/fr\/wp-json\/wp\/v2\/categories?post=330618"},{"taxonomy":"post_tag","embeddable":true,"href":"https:\/\/www.europesays.com\/fr\/wp-json\/wp\/v2\/tags?post=330618"}],"curies":[{"name":"wp","href":"https:\/\/api.w.org\/{rel}","templated":true}]}}