{"id":33062,"date":"2025-04-18T03:22:11","date_gmt":"2025-04-18T03:22:11","guid":{"rendered":"https:\/\/www.europesays.com\/fr\/33062\/"},"modified":"2025-04-18T03:22:11","modified_gmt":"2025-04-18T03:22:11","slug":"faire-contribuer-davantage-les-retraites-une-mesure-juste-mais-risquee-liberation","status":"publish","type":"post","link":"https:\/\/www.europesays.com\/fr\/33062\/","title":{"rendered":"faire contribuer davantage les retrait\u00e9s, une mesure juste mais risqu\u00e9e \u2013 Lib\u00e9ration"},"content":{"rendered":"<p class=\"sc-cPiKLX AiZTS text-element\">En appeler \u00e0 la solidarit\u00e9 des retrait\u00e9s les plus ais\u00e9s, voil\u00e0 un \u00abtabou\u00bb que semblent pr\u00eats \u00e0 faire sauter Fran\u00e7ois Bayrou et son gouvernement.<a href=\"https:\/\/www.liberation.fr\/politique\/comite-dalerte-sur-les-finances-publiques-bayrou-annonce-la-douleur-20250414_YNJ3PSXNSNDBFFYCSFLXKRPLTA\/\" target=\"_blank\" rel=\"nofollow noopener\"> Alors que le Premier ministre a fix\u00e9 \u00e0 40\u00a0milliards d\u2019euros<\/a> le montant des sommes \u00e0 trouver pour le budget 2026, le tout sans augmenter le taux d\u2019imposition des m\u00e9nages (hors contribution exceptionnelle des plus hauts revenus) et des entreprises \u2013 au nom de leur n\u00e9cessaire comp\u00e9titivit\u00e9 sur un march\u00e9 mondial en plein chaos \u2013, l\u2019id\u00e9e de demander un effort aux retrait\u00e9s qui en ont les moyens semble avoir fait son chemin.<\/p>\n<p class=\"sc-cPiKLX AiZTS text-element\">Le gouvernement envisagerait ainsi de revenir sur l\u2019abattement fiscal de 10\u00a0%, accord\u00e9 aux retrait\u00e9s pour all\u00e9ger leurs imp\u00f4ts. De quoi \u00e9conomiser \u00ab\u00e0 peu pr\u00e8s 4 \u00e0 5\u00a0milliards d\u2019euros\u00bb, a avanc\u00e9 mardi 15\u00a0avril le ministre de l\u2019Industrie et de l\u2019Energie, Marc Ferracci. Concr\u00e8tement, souligne Sylvain Denis, pr\u00e9sident d\u2019honneur de la F\u00e9d\u00e9ration nationale des associations de retrait\u00e9s, la lev\u00e9e de cet abattement rendrait imposables environ 500\u00a0000 retrait\u00e9s qui ne l\u2019\u00e9taient pas jusque-l\u00e0 et pourrait augmenter l<\/p>\n","protected":false},"excerpt":{"rendered":"En appeler \u00e0 la solidarit\u00e9 des retrait\u00e9s les plus ais\u00e9s, voil\u00e0 un \u00abtabou\u00bb que semblent pr\u00eats \u00e0 faire&hellip;\n","protected":false},"author":2,"featured_media":33063,"comment_status":"","ping_status":"","sticky":false,"template":"","format":"standard","meta":{"footnotes":""},"categories":[2],"tags":[11,1011,27,431,12,11036],"class_list":{"0":"post-33062","1":"post","2":"type-post","3":"status-publish","4":"format-standard","5":"has-post-thumbnail","7":"category-actualites","8":"tag-actualites","9":"tag-fr","10":"tag-france","11":"tag-francois-bayrou","12":"tag-news","13":"tag-reforme-des-retraites"},"share_on_mastodon":{"url":"https:\/\/pubeurope.com\/@fr\/114356823250620324","error":""},"_links":{"self":[{"href":"https:\/\/www.europesays.com\/fr\/wp-json\/wp\/v2\/posts\/33062","targetHints":{"allow":["GET"]}}],"collection":[{"href":"https:\/\/www.europesays.com\/fr\/wp-json\/wp\/v2\/posts"}],"about":[{"href":"https:\/\/www.europesays.com\/fr\/wp-json\/wp\/v2\/types\/post"}],"author":[{"embeddable":true,"href":"https:\/\/www.europesays.com\/fr\/wp-json\/wp\/v2\/users\/2"}],"replies":[{"embeddable":true,"href":"https:\/\/www.europesays.com\/fr\/wp-json\/wp\/v2\/comments?post=33062"}],"version-history":[{"count":0,"href":"https:\/\/www.europesays.com\/fr\/wp-json\/wp\/v2\/posts\/33062\/revisions"}],"wp:featuredmedia":[{"embeddable":true,"href":"https:\/\/www.europesays.com\/fr\/wp-json\/wp\/v2\/media\/33063"}],"wp:attachment":[{"href":"https:\/\/www.europesays.com\/fr\/wp-json\/wp\/v2\/media?parent=33062"}],"wp:term":[{"taxonomy":"category","embeddable":true,"href":"https:\/\/www.europesays.com\/fr\/wp-json\/wp\/v2\/categories?post=33062"},{"taxonomy":"post_tag","embeddable":true,"href":"https:\/\/www.europesays.com\/fr\/wp-json\/wp\/v2\/tags?post=33062"}],"curies":[{"name":"wp","href":"https:\/\/api.w.org\/{rel}","templated":true}]}}