{"id":330626,"date":"2025-08-20T02:36:13","date_gmt":"2025-08-20T02:36:13","guid":{"rendered":"https:\/\/www.europesays.com\/fr\/330626\/"},"modified":"2025-08-20T02:36:13","modified_gmt":"2025-08-20T02:36:13","slug":"hockey-sur-glace-coupe-des-bains-en-match-de-preparation-les-bruleurs-du-loups-sinclinent-en-prolongation-face-a-fribourg","status":"publish","type":"post","link":"https:\/\/www.europesays.com\/fr\/330626\/","title":{"rendered":"Hockey sur glace &#8211; Coupe des Bains. En match de pr\u00e9paration, les Br\u00fbleurs du Loups s&rsquo;inclinent en prolongation face \u00e0 Fribourg"},"content":{"rendered":"<p>Pour leur entr\u00e9e dans la Coupe des Bains, un tournoi amical, les Br\u00fbleurs de Loups affrontaient mardi soir\u00a0Fribourg-Gotteron\u00a0\u00e0 la patinoire de Guin.<\/p>\n<p>Face \u00e0 cette formation suisse de National League, les Grenoblois de <a href=\"https:\/\/www.ledauphine.com\/p\/per-hanberg\" target=\"_blank\" rel=\"noopener\">Per Hanberg<\/a> et Edo Terglav se sont inclin\u00e9s (2-1 ap), tout en faisant bonne contenance sur la glace.<\/p>\n<p>Ils ont encaiss\u00e9 l\u2019ouverture du score (Etter, 25e), mais Aur\u00e9lien Dair a remis les deux \u00e9quipes \u00e0 \u00e9galit\u00e9, au d\u00e9but du troisi\u00e8me tiers-temps (1-1, 43e ) et la partie s\u2019est prolong\u00e9e en prolongation. Finalement, les Suisses de Fribourg ont eu le dernier mot, avec un deuxi\u00e8me but de De La Rose au bout de la p\u00e9riode suppl\u00e9mentaire.<\/p>\n<p>Les Is\u00e9rois restent en Suisse ce mercredi, pour affronter le HC Gen\u00e8ve Servette \u00e0 la patinoire de Meyrin (19h30). Un nouveau test grandeur nature, avant d\u2019affronter deux autres rivaux helv\u00e9tiques en Champions Hockey League.<\/p>\n","protected":false},"excerpt":{"rendered":"Pour leur entr\u00e9e dans la Coupe des Bains, un tournoi amical, les Br\u00fbleurs de Loups affrontaient mardi soir\u00a0Fribourg-Gotteron\u00a0\u00e0&hellip;\n","protected":false},"author":2,"featured_media":330627,"comment_status":"","ping_status":"","sticky":false,"template":"","format":"standard","meta":{"footnotes":""},"categories":[9566],"tags":[1111,11,2430,112,1777,674,1701,1011,27,2731,2732,4133,10145,108,12,25,517],"class_list":{"0":"post-330626","1":"post","2":"type-post","3":"status-publish","4":"format-standard","5":"has-post-thumbnail","7":"category-grenoble","8":"tag-actu","9":"tag-actualites","10":"tag-auvergne-rhone-alpes","11":"tag-edition-grenoble-agglomeration","12":"tag-eu","13":"tag-europe","14":"tag-fil-info-sport","15":"tag-fr","16":"tag-france","17":"tag-grenoble","18":"tag-grenoble-bassin","19":"tag-hockey-sur-glace","20":"tag-hockey-sur-glace-grenoble","21":"tag-isere","22":"tag-news","23":"tag-republique-francaise","24":"tag-sport"},"share_on_mastodon":{"url":"https:\/\/pubeurope.com\/@fr\/115058768756232300","error":""},"_links":{"self":[{"href":"https:\/\/www.europesays.com\/fr\/wp-json\/wp\/v2\/posts\/330626","targetHints":{"allow":["GET"]}}],"collection":[{"href":"https:\/\/www.europesays.com\/fr\/wp-json\/wp\/v2\/posts"}],"about":[{"href":"https:\/\/www.europesays.com\/fr\/wp-json\/wp\/v2\/types\/post"}],"author":[{"embeddable":true,"href":"https:\/\/www.europesays.com\/fr\/wp-json\/wp\/v2\/users\/2"}],"replies":[{"embeddable":true,"href":"https:\/\/www.europesays.com\/fr\/wp-json\/wp\/v2\/comments?post=330626"}],"version-history":[{"count":0,"href":"https:\/\/www.europesays.com\/fr\/wp-json\/wp\/v2\/posts\/330626\/revisions"}],"wp:featuredmedia":[{"embeddable":true,"href":"https:\/\/www.europesays.com\/fr\/wp-json\/wp\/v2\/media\/330627"}],"wp:attachment":[{"href":"https:\/\/www.europesays.com\/fr\/wp-json\/wp\/v2\/media?parent=330626"}],"wp:term":[{"taxonomy":"category","embeddable":true,"href":"https:\/\/www.europesays.com\/fr\/wp-json\/wp\/v2\/categories?post=330626"},{"taxonomy":"post_tag","embeddable":true,"href":"https:\/\/www.europesays.com\/fr\/wp-json\/wp\/v2\/tags?post=330626"}],"curies":[{"name":"wp","href":"https:\/\/api.w.org\/{rel}","templated":true}]}}