{"id":330631,"date":"2025-08-20T02:40:21","date_gmt":"2025-08-20T02:40:21","guid":{"rendered":"https:\/\/www.europesays.com\/fr\/330631\/"},"modified":"2025-08-20T02:40:21","modified_gmt":"2025-08-20T02:40:21","slug":"strasbourg-pousse-pour-valentin-atangana-alsasports","status":"publish","type":"post","link":"https:\/\/www.europesays.com\/fr\/330631\/","title":{"rendered":"Strasbourg pousse pour Valentin Atangana \u2014 Alsa&rsquo;Sports"},"content":{"rendered":"<p><strong>Le Racing aurait formul\u00e9 trois offres pour enr\u00f4ler le milieu de Reims Valentin Atangana (19 ans), toutes refus\u00e9es selon L\u2019\u00c9quipe. <\/strong><\/p>\n<p>Le Racing Club de Strasbourg a d\u00e9j\u00e0 enregistr\u00e9 15 arriv\u00e9es mais continue d\u2019avoir les yeux partout. Selon le quotidien L\u2019\u00c9quipe, le club alsacien aurait formul\u00e9 trois offres au Stade de Reims, d\u00e9sormais en Ligue 2, pour recruter le milieu Valentin Atangana (19\u00a0ans, sous contrat jusqu\u2019en 2027). Toutes refus\u00e9es pour le moment. Le joueur est tr\u00e8s convoit\u00e9 et d\u2019autres clubs seraient \u00e0 l\u2019aff\u00fbt (l\u2019AS Rome, Al-Ahli). <\/p>\n","protected":false},"excerpt":{"rendered":"Le Racing aurait formul\u00e9 trois offres pour enr\u00f4ler le milieu de Reims Valentin Atangana (19 ans), toutes refus\u00e9es&hellip;\n","protected":false},"author":2,"featured_media":330632,"comment_status":"","ping_status":"","sticky":false,"template":"","format":"standard","meta":{"footnotes":""},"categories":[2820],"tags":[1111,11,1777,674,63,1011,27,775,12,4448,25,640],"class_list":{"0":"post-330631","1":"post","2":"type-post","3":"status-publish","4":"format-standard","5":"has-post-thumbnail","7":"category-strasbourg","8":"tag-actu","9":"tag-actualites","10":"tag-eu","11":"tag-europe","12":"tag-football","13":"tag-fr","14":"tag-france","15":"tag-grand-est","16":"tag-news","17":"tag-rc-strasbourg","18":"tag-republique-francaise","19":"tag-strasbourg"},"share_on_mastodon":{"url":"https:\/\/pubeurope.com\/@fr\/115058784670080482","error":""},"_links":{"self":[{"href":"https:\/\/www.europesays.com\/fr\/wp-json\/wp\/v2\/posts\/330631","targetHints":{"allow":["GET"]}}],"collection":[{"href":"https:\/\/www.europesays.com\/fr\/wp-json\/wp\/v2\/posts"}],"about":[{"href":"https:\/\/www.europesays.com\/fr\/wp-json\/wp\/v2\/types\/post"}],"author":[{"embeddable":true,"href":"https:\/\/www.europesays.com\/fr\/wp-json\/wp\/v2\/users\/2"}],"replies":[{"embeddable":true,"href":"https:\/\/www.europesays.com\/fr\/wp-json\/wp\/v2\/comments?post=330631"}],"version-history":[{"count":0,"href":"https:\/\/www.europesays.com\/fr\/wp-json\/wp\/v2\/posts\/330631\/revisions"}],"wp:featuredmedia":[{"embeddable":true,"href":"https:\/\/www.europesays.com\/fr\/wp-json\/wp\/v2\/media\/330632"}],"wp:attachment":[{"href":"https:\/\/www.europesays.com\/fr\/wp-json\/wp\/v2\/media?parent=330631"}],"wp:term":[{"taxonomy":"category","embeddable":true,"href":"https:\/\/www.europesays.com\/fr\/wp-json\/wp\/v2\/categories?post=330631"},{"taxonomy":"post_tag","embeddable":true,"href":"https:\/\/www.europesays.com\/fr\/wp-json\/wp\/v2\/tags?post=330631"}],"curies":[{"name":"wp","href":"https:\/\/api.w.org\/{rel}","templated":true}]}}