{"id":330636,"date":"2025-08-20T02:44:12","date_gmt":"2025-08-20T02:44:12","guid":{"rendered":"https:\/\/www.europesays.com\/fr\/330636\/"},"modified":"2025-08-20T02:44:12","modified_gmt":"2025-08-20T02:44:12","slug":"entre-nantes-et-pornic-les-gendarmes-arretent-deux-trafiquants-de-drogue","status":"publish","type":"post","link":"https:\/\/www.europesays.com\/fr\/330636\/","title":{"rendered":"Entre Nantes et Pornic, les gendarmes arr\u00eatent deux trafiquants de drogue"},"content":{"rendered":"<p>Samedi 16 ao\u00fbt, les gendarmes de la compagnie de Pornic organisaient une grosse op\u00e9ration de contr\u00f4le sur la commune de Port-Saint-P\u00e8re. Ils annoncent avoir interpell\u00e9 deux trafiquants de stup\u00e9fiants de type \u00ab\u00a0Ubershit\u00a0\u00bb.<\/p>\n<p>Deux hommes, la vingtaine, ont \u00e9t\u00e9 interpell\u00e9s samedi 16 ao\u00fbt, en soir\u00e9e, pour trafic de drogue sur la commune de Port-Saint-P\u00e8re, entre Nantes et Pornic (Loire-Atlantique). Deux arrestations \u00e0 deux moments diff\u00e9rents et sans lien l&rsquo;une avec l&rsquo;autre. Les gendarmes menaient alors \u00ab\u00a0une op\u00e9ration d&rsquo;ampleur visant \u00e0 filtrer l&rsquo;ensemble de la circulation sur la RD 751\u00a0\u00bb, \u00e9crit dans un communiqu\u00e9, quatre jours plus tard, la gendarmerie.<\/p>\n<p>Outre des verbalisations pour conduite sous l&#8217;emprise de l&rsquo;alcool ou de la drogue, <strong>les gendarmes de la compagnie de Pornic racontent avoir interpell\u00e9 deux trafiquants de stup\u00e9fiants de type \u00ab\u00a0Ubershit\u00a0\u00bb, autrement dit la livraison de drogue \u00e0 domicile.<\/strong><\/p>\n<p>De la prison et des amendes<\/p>\n<p><strong>L&rsquo;un a 28 ans et a d&rsquo;abord refus\u00e9 le contr\u00f4le, prend la fuite<\/strong> et\u00a0se rend dans une maison o\u00f9 les gendarmes du Psig &#8211; peloton de surveillance et d&rsquo;intervention de la gendarmerie &#8211; l&rsquo;interpellent. \u00ab\u00a0Quatre-vingt grammes de coca\u00efne abandonn\u00e9s dans sa fuite et 1100 euros dans le v\u00e9hicule\u00a0\u00bb sont saisis. Plac\u00e9 en garde \u00e0 vue pour refus d&rsquo;obtemp\u00e9rer, trafic de drogue et violation de domicile, l&rsquo;homme reconnait livrer de la drogue dans le pays de Retz. Jug\u00e9 lors d&rsquo;une proc\u00e9dure de plaider-coupable, il \u00e9cope de <strong>18 mois de prison avec sursis<\/strong> et 600 euros d&rsquo;amende. \u00c9tant en situation irr\u00e9guli\u00e8re, un rappel d&rsquo;une OQTF &#8211; obligation de quitter le territoire fran\u00e7ais &#8211; est fait et il est assign\u00e9 \u00e0 r\u00e9sidence, pr\u00e9cisent les gendarmes.<\/p>\n<p>L&rsquo;autre personne, interpell\u00e9e pour trafic de drogue, est <strong>un homme de 24 ans, contr\u00f4l\u00e9 positif lors du contr\u00f4le routier.<\/strong>\u00a0<a class=\"IciLink ici-link IciArticleLink g-ici-body-regular-1 underline brand svelte-lu7k6w\" href=\"https:\/\/www.francebleu.fr\/infos\/faits-divers-justice\/recherche-de-stupefiants-d-armes-de-personnes-en-pays-de-la-loire-on-compte-vingt-chiens-gendarmes-1495008\" rel=\"nofollow noopener\" target=\"_blank\">Le ma\u00eetre-chien du groupe d&rsquo;investigation cynophile de Saint-Philbert est l\u00e0 et son chien<\/a>\u00a0d\u00e9tecte \u00e0 l&rsquo;int\u00e9rieur de la voiture 50 grammes de coca\u00efne, 20 de k\u00e9tamine, 30 d&rsquo;ecstasy et 150 grammes de r\u00e9sine de cannabis. Pr\u00e9sent\u00e9 \u00e9galement au tribunal de Nantes dans le cadre d&rsquo;une proc\u00e9dure de plaider-coupable, cet homme est condamn\u00e9 \u00e0 <strong>six mois de prison<\/strong> et 400 euros d&rsquo;amende.<\/p>\n<p>\u00c0 \u00e9couter aussi   <img decoding=\"async\" src=\"https:\/\/www.europesays.com\/fr\/wp-content\/uploads\/2025\/08\/1755657851_946_560x315\" alt=\"Le long de la Loire : Paimbeuf, 3.000 habitants, et des riverains qui disent leur ras-le-bol de la d\u00e9linquance.\" style=\"--_image-preview:url('data:image\/jpeg;base64,\/9j\/2wBDACgcHiMeGSgjISMtKygwPGRBPDc3PHtYXUlkkYCZlo+AjIqgtObDoKrarYqMyP\/L2u71\/\/\/\/m8H\/\/\/\/6\/+b9\/\/j\/2wBDASstLTw1PHZBQXb4pYyl+Pj4+Pj4+Pj4+Pj4+Pj4+Pj4+Pj4+Pj4+Pj4+Pj4+Pj4+Pj4+Pj4+Pj4+Pj4+Pj4+Pj\/wAARCAAXACoDASIAAhEBAxEB\/8QAGAAAAwEBAAAAAAAAAAAAAAAAAAIDAQT\/xAAYEAEBAQEBAAAAAAAAAAAAAAAAAQIREv\/EABYBAQEBAAAAAAAAAAAAAAAAAAECAP\/EABYRAQEBAAAAAAAAAAAAAAAAAAABEf\/aAAwDAQACEQMRAD8AlmqSoymmlBbrZUpo0pgqsaSU3VanHDK2UBCzSmlAYHlN6ALP\/9k=');\" loading=\"lazy\" fetchpriority=\"low\" aria-hidden=\"true\" class=\"svelte-1pnmlwx rounded\" onload=\"this.__e=event\" onerror=\"this.__e=event\"\/>\u00c0 lire aussi   <img decoding=\"async\" src=\"https:\/\/www.europesays.com\/fr\/wp-content\/uploads\/2025\/08\/1755657852_292_560x315\" alt=\"C'est en d\u00e9but d'apr\u00e8s-midi, ce lundi 16 juin, que l'homme et l'une de ses anciennes compagnes devaient \u00eatre jug\u00e9s pour trafic de drogue. Leur proc\u00e8s aura lieu le 13 ao\u00fbt.\" style=\"--_image-preview:url('data:image\/jpeg;base64,\/9j\/2wBDACgcHiMeGSgjISMtKygwPGRBPDc3PHtYXUlkkYCZlo+AjIqgtObDoKrarYqMyP\/L2u71\/\/\/\/m8H\/\/\/\/6\/+b9\/\/j\/2wBDASstLTw1PHZBQXb4pYyl+Pj4+Pj4+Pj4+Pj4+Pj4+Pj4+Pj4+Pj4+Pj4+Pj4+Pj4+Pj4+Pj4+Pj4+Pj4+Pj4+Pj\/wAARCAAXACoDASIAAhEBAxEB\/8QAGAAAAwEBAAAAAAAAAAAAAAAAAAEEAgP\/xAAaEAEAAwEBAQAAAAAAAAAAAAAAAQITAxIR\/8QAFQEBAQAAAAAAAAAAAAAAAAAAAAH\/xAAUEQEAAAAAAAAAAAAAAAAAAAAA\/9oADAMBAAIRAxEAPwCWkqKXRxLpW6ovr0a0RR0a0BXPQtEuhaAk+nEgAcWP0AA9D0AD\/9k=');\" loading=\"lazy\" fetchpriority=\"low\" aria-hidden=\"true\" class=\"svelte-1pnmlwx rounded\" onload=\"this.__e=event\" onerror=\"this.__e=event\"\/><\/p>\n","protected":false},"excerpt":{"rendered":"Samedi 16 ao\u00fbt, les gendarmes de la compagnie de Pornic organisaient une grosse op\u00e9ration de contr\u00f4le sur la&hellip;\n","protected":false},"author":2,"featured_media":330637,"comment_status":"","ping_status":"","sticky":false,"template":"","format":"standard","meta":{"footnotes":""},"categories":[2818],"tags":[1111,11,1777,674,1011,27,766,12,2636,25],"class_list":{"0":"post-330636","1":"post","2":"type-post","3":"status-publish","4":"format-standard","5":"has-post-thumbnail","7":"category-nantes","8":"tag-actu","9":"tag-actualites","10":"tag-eu","11":"tag-europe","12":"tag-fr","13":"tag-france","14":"tag-nantes","15":"tag-news","16":"tag-pays-de-la-loire","17":"tag-republique-francaise"},"share_on_mastodon":{"url":"https:\/\/pubeurope.com\/@fr\/115058800411053358","error":""},"_links":{"self":[{"href":"https:\/\/www.europesays.com\/fr\/wp-json\/wp\/v2\/posts\/330636","targetHints":{"allow":["GET"]}}],"collection":[{"href":"https:\/\/www.europesays.com\/fr\/wp-json\/wp\/v2\/posts"}],"about":[{"href":"https:\/\/www.europesays.com\/fr\/wp-json\/wp\/v2\/types\/post"}],"author":[{"embeddable":true,"href":"https:\/\/www.europesays.com\/fr\/wp-json\/wp\/v2\/users\/2"}],"replies":[{"embeddable":true,"href":"https:\/\/www.europesays.com\/fr\/wp-json\/wp\/v2\/comments?post=330636"}],"version-history":[{"count":0,"href":"https:\/\/www.europesays.com\/fr\/wp-json\/wp\/v2\/posts\/330636\/revisions"}],"wp:featuredmedia":[{"embeddable":true,"href":"https:\/\/www.europesays.com\/fr\/wp-json\/wp\/v2\/media\/330637"}],"wp:attachment":[{"href":"https:\/\/www.europesays.com\/fr\/wp-json\/wp\/v2\/media?parent=330636"}],"wp:term":[{"taxonomy":"category","embeddable":true,"href":"https:\/\/www.europesays.com\/fr\/wp-json\/wp\/v2\/categories?post=330636"},{"taxonomy":"post_tag","embeddable":true,"href":"https:\/\/www.europesays.com\/fr\/wp-json\/wp\/v2\/tags?post=330636"}],"curies":[{"name":"wp","href":"https:\/\/api.w.org\/{rel}","templated":true}]}}