{"id":330638,"date":"2025-08-20T02:45:25","date_gmt":"2025-08-20T02:45:25","guid":{"rendered":"https:\/\/www.europesays.com\/fr\/330638\/"},"modified":"2025-08-20T02:45:25","modified_gmt":"2025-08-20T02:45:25","slug":"arme-dun-couteau-il-menace-une-employee-de-supermarche-pour-derober-largent-du-coffre-fort","status":"publish","type":"post","link":"https:\/\/www.europesays.com\/fr\/330638\/","title":{"rendered":"arm\u00e9 d&rsquo;un couteau, il menace une employ\u00e9e de supermarch\u00e9 pour d\u00e9rober l&rsquo;argent du coffre-fort"},"content":{"rendered":"<p>            Par<br \/>\n        <strong><br \/>\n            <a href=\"https:\/\/actu.fr\/auteur\/julian-doubax\" title=\"Consulter tous les articles de Julian Doubax\" rel=\"nofollow noopener\" target=\"_blank\">Julian Doubax<\/a><br \/>\n        <\/strong><\/p>\n<p>        Publi\u00e9 le<\/p>\n<p>            19 ao\u00fbt 2025 \u00e0 16h20        <\/p>\n<p>Ce n\u2019est pas la matin\u00e9e qu\u2019elle imaginait. Dimanche 17\u00a0ao\u00fbt 2025, peu avant 7\u00a0heures du matin, un homme est entr\u00e9 dans un magasin Aldi situ\u00e9 sur l\u2019avenue de la Lib\u00e9ration \u00e0 <a href=\"https:\/\/actu.fr\/nouvelle-aquitaine\/merignac_33281\" rel=\"nofollow noopener\" target=\"_blank\">M\u00e9rignac<\/a> (Gironde). Arm\u00e9 d\u2019un <strong>couteau<\/strong>, il a <a href=\"https:\/\/actu.fr\/nouvelle-aquitaine\/lormont_33249\/agression-brutale-d-une-femme-en-pleine-rue-et-de-nuit-pres-de-bordeaux-on-a-cru-qu-elle-allait-y-rester_63034848.html\" rel=\"nofollow noopener\" target=\"_blank\">menac\u00e9<\/a> une employ\u00e9e qui venait de commencer son service.<\/p>\n<p class=\" wall-content\">L\u2019homme lui a ordonn\u00e9 de d\u00e9sactiver l\u2019alarme et de l\u2019amener vers le coffre-fort afin de d\u00e9rober l\u2019argent stock\u00e9. L\u2019individu a r\u00e9cup\u00e9r\u00e9 le butin, estim\u00e9 \u00e0 <strong>30\u2009000\u00a0euros<\/strong> et a vid\u00e9 un extincteur dans le supermarch\u00e9 avant de prendre la fuite. L\u2019agresseur \u00e9tait activement <strong>recherch\u00e9<\/strong> par les forces de l\u2019ordre apr\u00e8s ce braquage.<\/p>\n<p class=\" wall-content\">Personnalisez votre actualit\u00e9 en ajoutant vos villes et m\u00e9dias en favori avec <a href=\"https:\/\/moncompte.actu.fr\" title=\"D\u00e9couvez Mon Actu\" rel=\"nofollow noopener\" data-trk=\"{&quot;cta&quot;:{&quot;action&quot;:&quot;https:\\\/\\\/moncompte.actu.fr&quot;,&quot;category&quot;:&quot;mon compte&quot;,&quot;from&quot;:&quot;article footer&quot;,&quot;name&quot;:&quot;Mon actu&quot;,&quot;type&quot;:&quot;cta&quot;}}\" target=\"_blank\">Mon Actu<\/a>.<\/p>\n","protected":false},"excerpt":{"rendered":"Par Julian Doubax Publi\u00e9 le 19 ao\u00fbt 2025 \u00e0 16h20 Ce n\u2019est pas la matin\u00e9e qu\u2019elle imaginait. Dimanche&hellip;\n","protected":false},"author":2,"featured_media":309498,"comment_status":"","ping_status":"","sticky":false,"template":"","format":"standard","meta":{"footnotes":""},"categories":[2817],"tags":[1111,11,1997,1777,674,118,1011,27,12,2219,1072,25],"class_list":{"0":"post-330638","1":"post","2":"type-post","3":"status-publish","4":"format-standard","5":"has-post-thumbnail","7":"category-bordeaux","8":"tag-actu","9":"tag-actualites","10":"tag-bordeaux","11":"tag-eu","12":"tag-europe","13":"tag-faits-divers","14":"tag-fr","15":"tag-france","16":"tag-news","17":"tag-nouvelle-aquitaine","18":"tag-police","19":"tag-republique-francaise"},"share_on_mastodon":{"url":"https:\/\/pubeurope.com\/@fr\/115058804248579328","error":""},"_links":{"self":[{"href":"https:\/\/www.europesays.com\/fr\/wp-json\/wp\/v2\/posts\/330638","targetHints":{"allow":["GET"]}}],"collection":[{"href":"https:\/\/www.europesays.com\/fr\/wp-json\/wp\/v2\/posts"}],"about":[{"href":"https:\/\/www.europesays.com\/fr\/wp-json\/wp\/v2\/types\/post"}],"author":[{"embeddable":true,"href":"https:\/\/www.europesays.com\/fr\/wp-json\/wp\/v2\/users\/2"}],"replies":[{"embeddable":true,"href":"https:\/\/www.europesays.com\/fr\/wp-json\/wp\/v2\/comments?post=330638"}],"version-history":[{"count":0,"href":"https:\/\/www.europesays.com\/fr\/wp-json\/wp\/v2\/posts\/330638\/revisions"}],"wp:featuredmedia":[{"embeddable":true,"href":"https:\/\/www.europesays.com\/fr\/wp-json\/wp\/v2\/media\/309498"}],"wp:attachment":[{"href":"https:\/\/www.europesays.com\/fr\/wp-json\/wp\/v2\/media?parent=330638"}],"wp:term":[{"taxonomy":"category","embeddable":true,"href":"https:\/\/www.europesays.com\/fr\/wp-json\/wp\/v2\/categories?post=330638"},{"taxonomy":"post_tag","embeddable":true,"href":"https:\/\/www.europesays.com\/fr\/wp-json\/wp\/v2\/tags?post=330638"}],"curies":[{"name":"wp","href":"https:\/\/api.w.org\/{rel}","templated":true}]}}