{"id":33064,"date":"2025-04-18T03:23:10","date_gmt":"2025-04-18T03:23:10","guid":{"rendered":"https:\/\/www.europesays.com\/fr\/33064\/"},"modified":"2025-04-18T03:23:10","modified_gmt":"2025-04-18T03:23:10","slug":"la-campagne-de-declaration-de-revenus-2025-est-lancee-dans-la-loire","status":"publish","type":"post","link":"https:\/\/www.europesays.com\/fr\/33064\/","title":{"rendered":"La campagne de d\u00e9claration de revenus 2025 est lanc\u00e9e dans la Loire"},"content":{"rendered":"<p class=\"is-style-chapo\">Depuis le 10 avril, la campagne d\u00e9clarative 2025 de l\u2019imp\u00f4t sur le revenu est lanc\u00e9e. Les 445 000 foyers lig\u00e9riens ont jusqu\u2019au 28 mai en ligne et au 20 mai pour la version papier, pour transmettre leurs informations \u00e0 l\u2019administration fiscale, avec quelques nouveaut\u00e9s cette ann\u00e9e\u2026<\/p>\n<p><img fetchpriority=\"high\" decoding=\"async\" width=\"1024\" height=\"576\" src=\"https:\/\/www.europesays.com\/fr\/wp-content\/uploads\/2025\/04\/IMG_5319-1-1024x576.jpg\" alt=\"Imp\u00f4ts\" class=\"wp-image-70521\"  \/>Dans la Loire, on compte 45,36 % de foyers imposables. \u00a9JT\/ If Saint-Etienne<\/p>\n<p>Chaque ann\u00e9e au printemps, elle est de retour. Depuis le 10 avril, les Fran\u00e7ais sont appel\u00e9s \u00e0 remplir leur d\u00e9claration de revenus, au titre de l\u2019ann\u00e9e 2024. Parmi eux, pr\u00e8s de <a href=\"https:\/\/www.if-saint-etienne.fr\/societe\/declaration-de-revenus-moins-dun-foyer-fiscal-sur-deux-impose-dans-la-loire\" target=\"_blank\" rel=\"noreferrer noopener\">445 000 foyers fiscaux lig\u00e9riens<\/a>, qui ont jusqu\u2019au 28 mai inclus s\u2019ils t\u00e9l\u00e9d\u00e9clarent et jusqu\u2019au 20 mai s\u2019ils optent pour le papier. L\u2019ann\u00e9e derni\u00e8re 59,76 %, des d\u00e9clarants de la Loire ont fait leur d\u00e9marche en ligne (+ 1 % en un an), et toujours 25 % ont b\u00e9n\u00e9fici\u00e9 de la d\u00e9claration automatique, c\u2019est-\u00e0-dire sans avoir aucune d\u00e9marche \u00e0 effectuer. Cela concerne notamment les personnes avec une situation inchang\u00e9e par rapport \u00e0 l\u2019ann\u00e9e pr\u00e9c\u00e9dente, et dont la d\u00e9claration est ainsi directement valid\u00e9e. <\/p>\n<p>Toutefois, l\u2019administration fiscale pr\u00e9vient\u00a0: \u00ab\u00a0Certaines personnes se sont trop habitu\u00e9es \u00e0 ce que cela soit automatique, explique H\u00e9l\u00e8ne Marchand, directrice de la DDFIP 42, lors d\u2019une conf\u00e9rence de presse organis\u00e9e ce jour concernant la nouvelle campagne d\u00e9clarative d\u2019imp\u00f4t sur les revenus et la d\u00e9claration d\u2019occupation. Ils oublient donc que sur la premi\u00e8re page, l\u2019adresse renseign\u00e9e est celle qu\u2019ils occupent au 1er janvier\u00a0\u00bb. S\u2019il y a peu de nouveaut\u00e9s cette ann\u00e9e, il faut savoir que le formulaire ne sera plus envoy\u00e9 \u00e0 ceux qui ont fait leur d\u00e9claration pr\u00e9c\u00e9dente en ligne. Rappelons qu\u2019elle est obligatoire, que vous soyez imposable ou non.<\/p>\n<p>Moins de papier<\/p>\n<p>Au total, les d\u00e9marches en ligne en mati\u00e8re de d\u00e9claration de revenus en 2024 dans la Loire concernent pr\u00e8s de 60 % des foyers. Une tendance en l\u00e9g\u00e8re hausse, que souhaite favoriser la Direction d\u00e9partementale des finances publiques de la Loire (DDFIP 42). Derri\u00e8re ce choix, une pr\u00e9occupation \u00e9cologique, mais pas uniquement \u00ab\u00a0Sur le papier, il n\u2019y a pas d\u2019erreur bloquante, poursuit H\u00e9l\u00e8ne Marchand. Sur la d\u00e9claration en ligne, certaines erreurs ne permettent pas de poursuivre\u00a0\u00bb. <\/p>\n<p>Et les erreurs, l\u2019administration souhaite pouvoir les identifier au plus t\u00f4t. Nouveaut\u00e9 cette ann\u00e9e, et pour lutter contre la fraude d\u00e9clarative, une proc\u00e9dure a \u00e9t\u00e9 mise en place afin de permettre aux services des <a href=\"https:\/\/www.impots.gouv.fr\/statistiques-impots-des-particuliers\" target=\"_blank\" rel=\"noreferrer noopener\">imp\u00f4ts<\/a> de demander des justificatifs, s\u2019ils estiment que cela est n\u00e9cessaire, d\u00e8s l\u2019\u00e9tape de la d\u00e9claration. Les foyers disposeront de 30 jours pour fournir les pi\u00e8ces exig\u00e9es. Ensuite, soit la d\u00e9claration est valid\u00e9e, soit une sanction pouvant all\u00e9e jusqu\u2019\u00e0 10 % sera appliqu\u00e9e.<\/p>\n<p>Changement de taux<\/p>\n<p>Autre nouveaut\u00e9 sur la d\u00e9claration 2025, l\u2019individualisation du taux d\u2019imposition. Cette mesure a \u00e9t\u00e9 mise en place dans le but de r\u00e9duire les \u00e9carts entre les membres du foyer qui auraient de fortes diff\u00e9rences de revenus. Ainsi, d\u00e9sormais, le taux ne sera pas liss\u00e9 entre les membres du foyer, mais celui qui gagnera plus sera davantage impos\u00e9. <\/p>\n<p>Le changement se fera automatiquement, sauf volont\u00e9 contraire des membres du foyer, qui ont la possibilit\u00e9 de r\u00e9clamer un taux neutre. Dans la Loire, cette mesure concerne 72 % de foyers. \u00c0 noter qu\u2019en 2024 dans la Loire, 45,36 % des foyers \u00e9taient imposables. Un chiffre relativement stable et proche de la moyenne nationale.<\/p>\n<p>D\u00e9claration d\u2019occupation<\/p>\n<p>En parall\u00e8le, la DDFIP 42 alerte sur la d\u00e9claration d\u2019occupation. Si la taxe d\u2019habitation a \u00e9t\u00e9 supprim\u00e9e sur les habitations principales, elle reste active sur les r\u00e9sidences secondaires. Il est donc tr\u00e8s important de d\u00e9clarer les adresses des biens ainsi que l\u2019identit\u00e9 de leurs occupants. <\/p>\n<p>\u00ab\u00a0Globalement, les particuliers ne posent pas trop de difficult\u00e9s sur ce sujet, indique H\u00e9l\u00e8ne Marchand. Mais parfois, les grands propri\u00e9taires, comme les offices publics HLM, ou les grandes communes, ont du mal \u00e0 communiquer la liste des occupants de leurs biens, ils finissent aussi par oublier la composition de leur parc immobilier\u00a0\u00bb. Prudence cette ann\u00e9e, l\u2019administration fiscale annonce qu\u2019elle sera plus exigeante sur ce sujet. A noter que si l\u2019imp\u00f4t sur le revenu rapporte 80 milliards d\u2019euros \u00e0 l\u2019Etat, la TVA, elle, repr\u00e9sente environ 200 milliards d\u2019euros en France. <\/p>\n","protected":false},"excerpt":{"rendered":"Depuis le 10 avril, la campagne d\u00e9clarative 2025 de l\u2019imp\u00f4t sur le revenu est lanc\u00e9e. Les 445 000&hellip;\n","protected":false},"author":2,"featured_media":33065,"comment_status":"","ping_status":"","sticky":false,"template":"","format":"standard","meta":{"footnotes":""},"categories":[9653],"tags":[1111,11,2430,11037,11038,11039,1777,674,1011,27,11040,139,11041,12,25,4001],"class_list":{"0":"post-33064","1":"post","2":"type-post","3":"status-publish","4":"format-standard","5":"has-post-thumbnail","7":"category-saint-etienne","8":"tag-actu","9":"tag-actualites","10":"tag-auvergne-rhone-alpes","11":"tag-ddfip","12":"tag-ddfip-42","13":"tag-declaratif","14":"tag-eu","15":"tag-europe","16":"tag-fr","17":"tag-france","18":"tag-helene-marchand","19":"tag-impot-sur-le-revenu","20":"tag-impots-sur-le-revenu-loire","21":"tag-news","22":"tag-republique-francaise","23":"tag-saint-etienne"},"share_on_mastodon":{"url":"https:\/\/pubeurope.com\/@fr\/114356827156477782","error":""},"_links":{"self":[{"href":"https:\/\/www.europesays.com\/fr\/wp-json\/wp\/v2\/posts\/33064","targetHints":{"allow":["GET"]}}],"collection":[{"href":"https:\/\/www.europesays.com\/fr\/wp-json\/wp\/v2\/posts"}],"about":[{"href":"https:\/\/www.europesays.com\/fr\/wp-json\/wp\/v2\/types\/post"}],"author":[{"embeddable":true,"href":"https:\/\/www.europesays.com\/fr\/wp-json\/wp\/v2\/users\/2"}],"replies":[{"embeddable":true,"href":"https:\/\/www.europesays.com\/fr\/wp-json\/wp\/v2\/comments?post=33064"}],"version-history":[{"count":0,"href":"https:\/\/www.europesays.com\/fr\/wp-json\/wp\/v2\/posts\/33064\/revisions"}],"wp:featuredmedia":[{"embeddable":true,"href":"https:\/\/www.europesays.com\/fr\/wp-json\/wp\/v2\/media\/33065"}],"wp:attachment":[{"href":"https:\/\/www.europesays.com\/fr\/wp-json\/wp\/v2\/media?parent=33064"}],"wp:term":[{"taxonomy":"category","embeddable":true,"href":"https:\/\/www.europesays.com\/fr\/wp-json\/wp\/v2\/categories?post=33064"},{"taxonomy":"post_tag","embeddable":true,"href":"https:\/\/www.europesays.com\/fr\/wp-json\/wp\/v2\/tags?post=33064"}],"curies":[{"name":"wp","href":"https:\/\/api.w.org\/{rel}","templated":true}]}}