{"id":330644,"date":"2025-08-20T02:50:16","date_gmt":"2025-08-20T02:50:16","guid":{"rendered":"https:\/\/www.europesays.com\/fr\/330644\/"},"modified":"2025-08-20T02:50:16","modified_gmt":"2025-08-20T02:50:16","slug":"lenorme-programmation-du-jardin-electronique-a-lille","status":"publish","type":"post","link":"https:\/\/www.europesays.com\/fr\/330644\/","title":{"rendered":"L&rsquo;\u00e9norme programmation du Jardin Electronique \u00e0 Lille !"},"content":{"rendered":"<p style=\"text-align: center;\"><strong>Cette ann\u00e9e encore, Lille va trembler en septembre et non pas \u00e0 cause de sa mythique braderie. Avec sa programmation explosive comprenant NTO, Sara Landry, Anetha ou encore Eli Brown, le Jardin Electronique va nous r\u00e9galer !<\/strong><\/p>\n<p style=\"text-align: center;\">\u00a0<a class=\"x1i10hfl xjbqb8w x1ejq31n x18oe1m7 x1sy0etr xstzfhl x972fbf x10w94by x1qhh985 x14e42zd x9f619 x1ypdohk xt0psk2 x3ct3a4 xdj266r x14z9mp xat24cr x1lziwak xexx8yu xyri2b x18d9i69 x1c1uobl x16tdsg8 x1hl2dhg xggy1nq x1a2a7pz notranslate _a6hd\" tabindex=\"0\" role=\"link\" href=\"https:\/\/www.instagram.com\/adrien.af\/\" rel=\"nofollow noopener\" target=\"_blank\">@adrien.af<\/a><\/p>\n<p><img fetchpriority=\"high\" decoding=\"async\" data-attachment-id=\"32612\" data-permalink=\"https:\/\/handsupelectro.fr\/evenement\/festivals\/lenorme-programmation-du-jardin-electronique-a-lille\/attachment\/jardin-elec\/\" data-orig-file=\"https:\/\/www.europesays.com\/fr\/wp-content\/uploads\/2025\/08\/jardin-elec.png\" data-orig-size=\"1080,574\" data-comments-opened=\"1\" data-image-meta=\"{&quot;aperture&quot;:&quot;0&quot;,&quot;credit&quot;:&quot;&quot;,&quot;camera&quot;:&quot;&quot;,&quot;caption&quot;:&quot;&quot;,&quot;created_timestamp&quot;:&quot;0&quot;,&quot;copyright&quot;:&quot;&quot;,&quot;focal_length&quot;:&quot;0&quot;,&quot;iso&quot;:&quot;0&quot;,&quot;shutter_speed&quot;:&quot;0&quot;,&quot;title&quot;:&quot;&quot;,&quot;orientation&quot;:&quot;0&quot;}\" data-image-title=\"jardin elec\" data-image-description=\"\" data-image-caption=\"\" data-medium-file=\"https:\/\/handsupelectro.fr\/wp-content\/uploads\/2025\/08\/jardin-elec-300x159.png\" data-large-file=\"https:\/\/handsupelectro.fr\/wp-content\/uploads\/2025\/08\/jardin-elec-1024x544.png\" tabindex=\"0\" role=\"button\" class=\"aligncenter size-full wp-image-32612\" src=\"https:\/\/www.europesays.com\/fr\/wp-content\/uploads\/2025\/08\/jardin-elec.png\" alt=\"\" width=\"1080\" height=\"574\"  \/><\/p>\n<p>11\u00e8me bougie pour le Jardin Electro !<\/p>\n<p style=\"text-align: justify;\">Depuis plus de 10 ans maintenant, Lille a SON festival techno. Et il s\u2019agit du <strong>Jardin Electronique<\/strong>, qui ne cesse de grandir et impressionner, ann\u00e9e apr\u00e8s ann\u00e9e. Initialement organis\u00e9 au Jardin des Plantes, le festival a d\u00e9m\u00e9nag\u00e9 l\u2019an dernier au <strong>Parc Naturel Urbain de Lomme<\/strong>. Le lieu leur permet d\u2019augmenter la jauge, d\u2019avoir des plus grosses sc\u00e8nes, et surtout offre un cadre idyllique avec 300 000 m\u00b2 d\u2019espace verdoyant au bord de l\u2019eau. L\u2019acc\u00e8s y est d\u2019ailleurs tr\u00e8s facile en m\u00e9tro. Au final, ces changements ont \u00e9t\u00e9 largement b\u00e9n\u00e9fiques puisque ce sont 15 000 festivaliers qui ont r\u00e9pondu pr\u00e9sents !<\/p>\n<p style=\"text-align: justify;\">En 2025, le <strong>Jardin Electronique<\/strong> compte une nouvelle fois marquer les esprits, avec une <strong>sacr\u00e9e programmation<\/strong>. En tout, on pourra y retrouver 4 sc\u00e8nes accueillant sur les 2 jours de festival 50 artistes. Le samedi, se seront les \u00ab\u00a0tribus\u00a0\u00bb Bass, Hard et Tech qui entameront les hostilit\u00e9s. La sc\u00e8ne Drum\u2019n\u2019Bass est d\u2019ailleurs le druit d\u2019une collaboration avec Get In Step. On aura donc d\u2019une part <strong>NTO<\/strong>, <strong>Black Sun Empire<\/strong>, <strong>Maissouille<\/strong>, <strong>Vandal<\/strong>, <strong>Space 92<\/strong>, <strong>Mandidextrous<\/strong> ou encore <strong>Venjent<\/strong> et <strong>Zimmer<\/strong>. Le dimanche ne sera pas de tout repos, puisque les tribus Hard et Techno seront accompagn\u00e9 d\u2019une sc\u00e8ne 100% psytrance : \u00ab\u00a0Everybody Trance\u00ab\u00a0. Pour ce jour 2, on retrouve <strong>Ace Ventura<\/strong>, <strong>Anetha<\/strong>, <strong>Marion Di Napoli<\/strong>, <strong>Sara Landry<\/strong>, ou encore <strong>Slaycebee<\/strong>. Vous l\u2019avez compris, \u00e7a ne va pas ch\u00f4mer au Jardin ! D\u2019autant plus que 2 afters sont organis\u00e9s \u00e0 Slalom pour les plus t\u00e9m\u00e9raires.<\/p>\n<p>D\u2019autres nouveaut\u00e9s viendront \u00e9gayer l\u2019exp\u00e9rience des festivaliers :<\/p>\n<ul>\n<li>8000m\u00b2 en plus<\/li>\n<li>Une sc\u00e8ne couverte de 1600m\u00b2 : le d\u00f4me<\/li>\n<li>Une sc\u00e8ne Hors-Sol pour le jour 2<\/li>\n<li>un syst\u00e8me son renforc\u00e9<\/li>\n<li>La sc\u00e9nographie de la sc\u00e8ne l\u2019Ar\u00e8ne repens\u00e9e<\/li>\n<li>Nouvelle\u00b2 sc\u00e8ne : l\u2019EDEN<\/li>\n<\/ul>\n<p><a href=\"https:\/\/www.facebook.com\/events\/3994462477497846\" rel=\"nofollow noopener\" target=\"_blank\">\u00c9v\u00e8nement<\/a>\u00a0|\u00a0<a href=\"https:\/\/shotgun.live\/fr\/festivals\/le-jardin-electronique-2025?fbclid=IwY2xjawMR09JleHRuA2FlbQIxMABicmlkETFCcVNTeUJTN1c5NGNYcmJQAR6NldYnHV4-bnmRS5AcDXcK-qjrYL1PkGwX-9-byoMBCuUBQU1BQy0mQi8C5w_aem_xrlBDUVWEBGzV_17m5-amw\" rel=\"nofollow noopener\" target=\"_blank\">Billetterie<\/a><\/p>\n<p><img loading=\"lazy\" decoding=\"async\" data-attachment-id=\"32622\" data-permalink=\"https:\/\/handsupelectro.fr\/evenement\/festivals\/lenorme-programmation-du-jardin-electronique-a-lille\/attachment\/jardin-elec-lineup\/\" data-orig-file=\"https:\/\/handsupelectro.fr\/wp-content\/uploads\/2025\/08\/jardin-elec-lineup.avif\" data-orig-size=\"1115,627\" data-comments-opened=\"1\" data-image-meta=\"{&quot;aperture&quot;:&quot;0&quot;,&quot;credit&quot;:&quot;&quot;,&quot;camera&quot;:&quot;&quot;,&quot;caption&quot;:&quot;&quot;,&quot;created_timestamp&quot;:&quot;0&quot;,&quot;copyright&quot;:&quot;&quot;,&quot;focal_length&quot;:&quot;0&quot;,&quot;iso&quot;:&quot;0&quot;,&quot;shutter_speed&quot;:&quot;0&quot;,&quot;title&quot;:&quot;&quot;,&quot;orientation&quot;:&quot;0&quot;}\" data-image-title=\"jardin elec lineup\" data-image-description=\"\" data-image-caption=\"\" data-medium-file=\"https:\/\/handsupelectro.fr\/wp-content\/uploads\/2025\/08\/jardin-elec-lineup.avif\" data-large-file=\"https:\/\/handsupelectro.fr\/wp-content\/uploads\/2025\/08\/jardin-elec-lineup.avif\" tabindex=\"0\" role=\"button\" class=\"aligncenter size-full wp-image-32622\" src=\"https:\/\/handsupelectro.fr\/wp-content\/uploads\/2025\/08\/jardin-elec-lineup.avif\" alt=\"\" width=\"1115\" height=\"627\"\/><\/p>\n<p><img decoding=\"async\" loading=\"lazy\" src=\"https:\/\/www.europesays.com\/fr\/wp-content\/uploads\/2025\/08\/dummy.jpg\" width=\"300\" height=\"250\"\/><br \/>\n<script async src=\"\/\/www.instagram.com\/embed.js\"><\/script><\/p>\n","protected":false},"excerpt":{"rendered":"Cette ann\u00e9e encore, Lille va trembler en septembre et non pas \u00e0 cause de sa mythique braderie. Avec&hellip;\n","protected":false},"author":2,"featured_media":330645,"comment_status":"","ping_status":"","sticky":false,"template":"","format":"standard","meta":{"footnotes":""},"categories":[2815],"tags":[1111,11,1777,674,1011,27,811,1307,12,25],"class_list":{"0":"post-330644","1":"post","2":"type-post","3":"status-publish","4":"format-standard","5":"has-post-thumbnail","7":"category-lille","8":"tag-actu","9":"tag-actualites","10":"tag-eu","11":"tag-europe","12":"tag-fr","13":"tag-france","14":"tag-hauts-de-france","15":"tag-lille","16":"tag-news","17":"tag-republique-francaise"},"share_on_mastodon":{"url":"https:\/\/pubeurope.com\/@fr\/115058824043051744","error":""},"_links":{"self":[{"href":"https:\/\/www.europesays.com\/fr\/wp-json\/wp\/v2\/posts\/330644","targetHints":{"allow":["GET"]}}],"collection":[{"href":"https:\/\/www.europesays.com\/fr\/wp-json\/wp\/v2\/posts"}],"about":[{"href":"https:\/\/www.europesays.com\/fr\/wp-json\/wp\/v2\/types\/post"}],"author":[{"embeddable":true,"href":"https:\/\/www.europesays.com\/fr\/wp-json\/wp\/v2\/users\/2"}],"replies":[{"embeddable":true,"href":"https:\/\/www.europesays.com\/fr\/wp-json\/wp\/v2\/comments?post=330644"}],"version-history":[{"count":0,"href":"https:\/\/www.europesays.com\/fr\/wp-json\/wp\/v2\/posts\/330644\/revisions"}],"wp:featuredmedia":[{"embeddable":true,"href":"https:\/\/www.europesays.com\/fr\/wp-json\/wp\/v2\/media\/330645"}],"wp:attachment":[{"href":"https:\/\/www.europesays.com\/fr\/wp-json\/wp\/v2\/media?parent=330644"}],"wp:term":[{"taxonomy":"category","embeddable":true,"href":"https:\/\/www.europesays.com\/fr\/wp-json\/wp\/v2\/categories?post=330644"},{"taxonomy":"post_tag","embeddable":true,"href":"https:\/\/www.europesays.com\/fr\/wp-json\/wp\/v2\/tags?post=330644"}],"curies":[{"name":"wp","href":"https:\/\/api.w.org\/{rel}","templated":true}]}}