{"id":330646,"date":"2025-08-20T02:51:10","date_gmt":"2025-08-20T02:51:10","guid":{"rendered":"https:\/\/www.europesays.com\/fr\/330646\/"},"modified":"2025-08-20T02:51:10","modified_gmt":"2025-08-20T02:51:10","slug":"en-six-ans-lincroyable-success-story-de-lete-marseillais","status":"publish","type":"post","link":"https:\/\/www.europesays.com\/fr\/330646\/","title":{"rendered":"En six ans, l\u2019incroyable success story de l\u2019\u00c9t\u00e9 marseillais"},"content":{"rendered":"\n<p>Un tourbillon de concerts, d\u2019activit\u00e9s sportives, de projections en plein air, de repas partag\u00e9s, le tout toujours gratuit. D\u00e9sormais affich\u00e9e \u00e0 travers toute la ville avec ses nouvelles d\u00e9corations, cette sixi\u00e8me \u00e9dition de l\u2019\u00c9t\u00e9 marseillais bat tous les records. En dix dates, la sc\u00e8ne sur l\u2019eau a attir\u00e9 jusqu\u2019\u00e0 300\u00a0000\u00a0spectateurs, auxquels s\u2019ajoutent 50\u00a0000\u00a0participants pour le karaok\u00e9 g\u00e9ant et le feu d\u2019artifice du 15\u00a0ao\u00fbt, tandis que les nocturnes au mus\u00e9e et cartes blanches aux artistes affichent complet chaque jeudi.<\/p>\n<p>Par rapport \u00e0 l\u2019ann\u00e9e pr\u00e9c\u00e9dente, le nombre de spectacles a \u00e9t\u00e9 multipli\u00e9 par trois, avec de nouvelles sc\u00e8nes install\u00e9es \u00e0 l\u2019Estaque et au stade nautique. R\u00e9sultat\u00a0: dans un classement r\u00e9alis\u00e9 par la soci\u00e9t\u00e9 de paiement SumUp, Marseille arrive cet \u00e9t\u00e9 largement en t\u00eate des \u00ab\u00a0meilleures villes pour une escapade culturelle\u00a0\u00bb, dop\u00e9e par ses 1\u00a0600\u00a0rendez-vous gratuits.<\/p>\n<p>Pourtant, ce rendez-vous n\u2019\u00e9tait pas pr\u00e9vu dans la campagne du Printemps marseillais en 2020. \u00ab\u00a0L\u2019id\u00e9e est venue du collectif culture qui avait travaill\u00e9 sur le programme\u00a0\u00bb, rembobine l\u2019adjoint (PCF) \u00e0 la culture, Jean-Marc Coppola. \u00ab\u00a0Quand nous avons \u00e9t\u00e9 \u00e9lus le 4\u00a0juillet, nous avons demand\u00e9 aux services concern\u00e9s de r\u00e9fl\u00e9chir \u00e0 des activit\u00e9s tout au long de l\u2019\u00e9t\u00e9 pour les Marseillais qui ne peuvent pas partir en vacances, qu\u2019ils puissent profiter de la ville\u00a0\u00bb, raconte-t-il. Au sortir du Covid, les mus\u00e9es sont alors rendus gratuits, l\u2019op\u00e9ra et le conservatoire proposent visites et concerts au palais Carli. \u00ab\u00a0Rapidement, on s\u2019est dit qu\u2019il fallait que \u00e7a irrigue plus de secteurs, et c\u2019est mont\u00e9 en quantit\u00e9, en qualit\u00e9\u00a0\u00bb, t\u00e9moigne l\u2019\u00e9lu communiste. Il n\u2019y a pas de place sur les quais du Vieux-Port ? En 2023, pour la premi\u00e8re fois, une sc\u00e8ne flottante est install\u00e9e face \u00e0 l\u2019h\u00f4tel de ville, qui attire 75\u00a0000\u00a0spectateurs en quatre dates, avec le ballet national de Marseille en ouverture. \u00ab\u00a0On \u00e9tait trois jours apr\u00e8s les violences, et l\u00e0 nous avons vu cet autre visage de Marseille, c\u2019\u00e9tait fantastique\u00a0\u00bb, sourit Jean-Marc Coppola. Qui r\u00e9sume\u00a0: \u00ab\u00a0C\u2019est populaire parce que c\u2019est gratuit, et c\u2019est de qualit\u00e9.\u00a0\u00bb<\/p>\n<p> Succ\u00e8s inspirant\n              <\/p>\n<p>Certes, cela ne va pas sans orage. En f\u00e9vrier\u00a02024, certains acteurs locaux protestent dans les colonnes du\u00a0Monde en voyant la programmation confi\u00e9e \u00e0 la soci\u00e9t\u00e9 lyonnaise B-PM, qui a de nouveau remport\u00e9 la mise cette ann\u00e9e malgr\u00e9 une premi\u00e8re candidature commune des structures marseillaises. \u00ab\u00a0Il y a un march\u00e9 public, ils connaissent la r\u00e8gle du jeu\u00a0\u00bb, r\u00e9pond Jean-Marc Coppola, confiant n\u00e9anmoins en leur capacit\u00e9 \u00e0 le remporter \u00e0 l\u2019avenir. \u00c0 droite, le succ\u00e8s fait grincer des dents. La pr\u00e9sidente (LR) de l\u2019opposition Catherine Pila s\u2019interrogeait en juillet \u00ab\u00a0sur le co\u00fbt r\u00e9el de ces festivit\u00e9s\u00a0\u00bb, et jugeait le choix de programmer des artistes alg\u00e9riens \u00ab\u00a0maladroit et provocateur\u00a0\u00bb. \u00ab\u00a0Ils n\u2019osent pas trop le remettre en cause, cela montre surtout qu\u2019ils ne sont pas ouverts \u00e0 la diversit\u00e9 de la ville\u00a0\u00bb, r\u00e9plique l\u2019adjoint PCF. Se f\u00e9licitant de voir ce succ\u00e8s nourrir des projets locaux associatifs.<\/p>\n","protected":false},"excerpt":{"rendered":"Un tourbillon de concerts, d\u2019activit\u00e9s sportives, de projections en plein air, de repas partag\u00e9s, le tout toujours gratuit.&hellip;\n","protected":false},"author":2,"featured_media":330647,"comment_status":"","ping_status":"","sticky":false,"template":"","format":"standard","meta":{"footnotes":""},"categories":[2814],"tags":[1111,11,885,1777,674,1011,27,884,12,882,25],"class_list":{"0":"post-330646","1":"post","2":"type-post","3":"status-publish","4":"format-standard","5":"has-post-thumbnail","7":"category-marseille","8":"tag-actu","9":"tag-actualites","10":"tag-bouches-du-rhone","11":"tag-eu","12":"tag-europe","13":"tag-fr","14":"tag-france","15":"tag-marseille","16":"tag-news","17":"tag-provence-alpes-cote-dazur","18":"tag-republique-francaise"},"share_on_mastodon":{"url":"https:\/\/pubeurope.com\/@fr\/115058827835560875","error":""},"_links":{"self":[{"href":"https:\/\/www.europesays.com\/fr\/wp-json\/wp\/v2\/posts\/330646","targetHints":{"allow":["GET"]}}],"collection":[{"href":"https:\/\/www.europesays.com\/fr\/wp-json\/wp\/v2\/posts"}],"about":[{"href":"https:\/\/www.europesays.com\/fr\/wp-json\/wp\/v2\/types\/post"}],"author":[{"embeddable":true,"href":"https:\/\/www.europesays.com\/fr\/wp-json\/wp\/v2\/users\/2"}],"replies":[{"embeddable":true,"href":"https:\/\/www.europesays.com\/fr\/wp-json\/wp\/v2\/comments?post=330646"}],"version-history":[{"count":0,"href":"https:\/\/www.europesays.com\/fr\/wp-json\/wp\/v2\/posts\/330646\/revisions"}],"wp:featuredmedia":[{"embeddable":true,"href":"https:\/\/www.europesays.com\/fr\/wp-json\/wp\/v2\/media\/330647"}],"wp:attachment":[{"href":"https:\/\/www.europesays.com\/fr\/wp-json\/wp\/v2\/media?parent=330646"}],"wp:term":[{"taxonomy":"category","embeddable":true,"href":"https:\/\/www.europesays.com\/fr\/wp-json\/wp\/v2\/categories?post=330646"},{"taxonomy":"post_tag","embeddable":true,"href":"https:\/\/www.europesays.com\/fr\/wp-json\/wp\/v2\/tags?post=330646"}],"curies":[{"name":"wp","href":"https:\/\/api.w.org\/{rel}","templated":true}]}}