{"id":330648,"date":"2025-08-20T02:52:17","date_gmt":"2025-08-20T02:52:17","guid":{"rendered":"https:\/\/www.europesays.com\/fr\/330648\/"},"modified":"2025-08-20T02:52:17","modified_gmt":"2025-08-20T02:52:17","slug":"pour-que-rabiot-reste-a-lolympique-de-marseille","status":"publish","type":"post","link":"https:\/\/www.europesays.com\/fr\/330648\/","title":{"rendered":"Pour que Rabiot reste \u00e0 l\u2019Olympique de Marseille"},"content":{"rendered":"<p>                                                                            <img decoding=\"async\" class=\"mo-image-main lazyload loading\" src=\"https:\/\/www.europesays.com\/fr\/wp-content\/uploads\/2025\/08\/petition-img-248306-1755623966-fr.jpeg\" alt=\"Pour que Rabiot reste \u00e0 l\u2019Olympique de Marseille\"\/><\/p>\n<p>                                                    P\u00e9tition                                            <\/p>\n<p>\n                            <strong><br \/>\n                                30                            <\/strong><br \/>\n                                                        signatures                                                    <\/p>\n<p>                                Encore <b>70<\/b> signatures pour que cette p\u00e9tition ait plus de chances de devenir virale sur les r\u00e9seaux sociaux.<\/p>\n<p>Auteur :<\/p>\n<p>Auteur(s) :<\/p>\n<p><strong>Danastasi Joris<\/strong><\/p>\n<p>                                        Suivre cet auteur<\/p>\n<p>Recevez l&rsquo;actualit\u00e9 de cet auteur<\/p>\n<p>                                        Auteur suivi<\/p>\n<p>Ne plus recevoir l&rsquo;actualit\u00e9 de cet auteur<\/p>\n<p>Destinataire(s) : <\/p>\n<p><strong>Supporters<\/strong><\/p>\n<p>                        Notre meilleur joueur de l\u2019Olympique de Marseille Adrien Rabiot doit rester chez nous et disputer la ligue des champions , l\u2019erreur commise est pardonnable et tout le monde doit se poser calmement dans l\u2019int\u00e9r\u00eat du club pour assurer sa stabilit\u00e9 \u2705                    <\/p>\n","protected":false},"excerpt":{"rendered":"P\u00e9tition 30 signatures Encore 70 signatures pour que cette p\u00e9tition ait plus de chances de devenir virale sur&hellip;\n","protected":false},"author":2,"featured_media":330649,"comment_status":"","ping_status":"","sticky":false,"template":"","format":"standard","meta":{"footnotes":""},"categories":[2814],"tags":[1111,11,1777,674,1011,27,884,12,882,25],"class_list":{"0":"post-330648","1":"post","2":"type-post","3":"status-publish","4":"format-standard","5":"has-post-thumbnail","7":"category-marseille","8":"tag-actu","9":"tag-actualites","10":"tag-eu","11":"tag-europe","12":"tag-fr","13":"tag-france","14":"tag-marseille","15":"tag-news","16":"tag-provence-alpes-cote-dazur","17":"tag-republique-francaise"},"share_on_mastodon":{"url":"https:\/\/pubeurope.com\/@fr\/115058831869321103","error":""},"_links":{"self":[{"href":"https:\/\/www.europesays.com\/fr\/wp-json\/wp\/v2\/posts\/330648","targetHints":{"allow":["GET"]}}],"collection":[{"href":"https:\/\/www.europesays.com\/fr\/wp-json\/wp\/v2\/posts"}],"about":[{"href":"https:\/\/www.europesays.com\/fr\/wp-json\/wp\/v2\/types\/post"}],"author":[{"embeddable":true,"href":"https:\/\/www.europesays.com\/fr\/wp-json\/wp\/v2\/users\/2"}],"replies":[{"embeddable":true,"href":"https:\/\/www.europesays.com\/fr\/wp-json\/wp\/v2\/comments?post=330648"}],"version-history":[{"count":0,"href":"https:\/\/www.europesays.com\/fr\/wp-json\/wp\/v2\/posts\/330648\/revisions"}],"wp:featuredmedia":[{"embeddable":true,"href":"https:\/\/www.europesays.com\/fr\/wp-json\/wp\/v2\/media\/330649"}],"wp:attachment":[{"href":"https:\/\/www.europesays.com\/fr\/wp-json\/wp\/v2\/media?parent=330648"}],"wp:term":[{"taxonomy":"category","embeddable":true,"href":"https:\/\/www.europesays.com\/fr\/wp-json\/wp\/v2\/categories?post=330648"},{"taxonomy":"post_tag","embeddable":true,"href":"https:\/\/www.europesays.com\/fr\/wp-json\/wp\/v2\/tags?post=330648"}],"curies":[{"name":"wp","href":"https:\/\/api.w.org\/{rel}","templated":true}]}}