{"id":33066,"date":"2025-04-18T03:24:14","date_gmt":"2025-04-18T03:24:14","guid":{"rendered":"https:\/\/www.europesays.com\/fr\/33066\/"},"modified":"2025-04-18T03:24:14","modified_gmt":"2025-04-18T03:24:14","slug":"saint-etienne-les-nouvelles-ambitions-de-gutenberg-dans-le-packaging","status":"publish","type":"post","link":"https:\/\/www.europesays.com\/fr\/33066\/","title":{"rendered":"Saint-Etienne. Les nouvelles ambitions de Gutenberg dans le packaging"},"content":{"rendered":"<p><img loading=\"lazy\" decoding=\"async\" alt=\"\u00a9 St\u00e9phanie V\u00e9ron - Le site st\u00e9phanois de Gutenberg, centre de l'excellence du packaging,  h\u00e9berge une quarantaine de salari\u00e9s.\" data-zoom-src=\"https:\/\/www.europesays.com\/fr\/wp-content\/uploads\/2025\/04\/initial-gutenberg-saint-etienne.jpg\" data-zoomable=\"\" height=\"702\" src=\"https:\/\/www.europesays.com\/fr\/wp-content\/uploads\/2025\/04\/initial-gutenberg-saint-etienne.jpg\" width=\"1248\"\/>  <\/p>\n<p class=\"article-desc\">\u00a9 St\u00e9phanie V\u00e9ron &#8211; Le site st\u00e9phanois de Gutenberg, centre de l&rsquo;excellence du packaging, h\u00e9berge une quarantaine de salari\u00e9s. <\/p>\n<p>Sortie d\u2019un <a href=\"https:\/\/mesinfos.fr\/42000-saint-etienne\/saint-etienne-menace-sur-lavenir-du-site-de-gutenberg-agency-195036.html\" rel=\"noopener nofollow\" target=\"_blank\">plan de sauvegarde de l\u2019emploi<\/a> (PSE) en septembre dernier avec la signature d\u2019un accord majoritaire, l\u2019agence de communication op\u00e9rationnelle <strong>Gutenberg agency<\/strong> se r\u00e9organise pour partir \u00e0 la conqu\u00eate de nouveaux clients. <\/p>\n<p>Pour Mustapha Zaouali, directeur g\u00e9n\u00e9ral puis pr\u00e9sident depuis 2021, de Gutenberg, appartenant au groupe am\u00e9ricain Omnicom DDB, \u00ab\u00a0le repositionnement de la cha\u00eene de valeur\u00a0\u00bb\u00a0doit permettre une <strong>croissance <\/strong>de 30 % du chiffre d\u2019affaires de 90 millions d\u2019euros. <\/p>\n<p>Get Pack, la nouvelle marque pour l&rsquo;activit\u00e9 historique du packaging de Gutenberg <\/p>\n<p>Pour ce faire, le dirigeant a mis en place une organisation transversale entre les trois sites de la soci\u00e9t\u00e9 pr\u00e9sente \u00e0 Saint-\u00c9tienne, Bondues (en r\u00e9gion lilloise) et Paris, o\u00f9 se trouve son si\u00e8ge social, et a lanc\u00e9 en janvier dernier son offre <strong>Get Pack<\/strong>. <\/p>\n<p>\u00ab\u00a0Dans un contexte assez difficile en termes de communication op\u00e9rationnelle, notamment avec une de nos activit\u00e9s qui \u00e9tait le prospectus et le catalogue papier, notre business unit Get Pack mettra en valeur celle historique du packaging qui n\u2019\u00e9tait pas un vecteur de d\u00e9veloppement\u00a0\u00bb, \u00e9taie le dirigeant.<\/p>\n<p> <img decoding=\"async\" alt=\"\" data-zoomable=\"\" height=\"614\" loading=\"lazy\" src=\"https:\/\/www.europesays.com\/fr\/wp-content\/uploads\/2025\/04\/mustapha-zaouali-gutenberg.jpg\" width=\"700\"\/> \u00a9 Gutenberg &#8211; Mustapha Zaouali a pris la direction g\u00e9n\u00e9rale de Gutenberg en 2021 avant d&rsquo;en devenir le pr\u00e9sident. <\/p>\n<p>Cette <strong>nouvelle marque<\/strong> doit permettre d\u2019identifier cette expertise aupr\u00e8s des donneurs d\u2019ordre et d\u2019adresser de nouveaux clients, pour enrichir la base actuelle, o\u00f9 l\u2019on compte toujours le groupe Casino, avec une exclusivit\u00e9 sur l\u2019ensemble du packaging (emballage primaire des produits, Ndlr) de leurs diff\u00e9rentes marques (Monoprix, Naturalia, Franprix et Leader Price), mais aussi Auchan et des groupes industriels comme TotalEnergies. La gestion des gros volumes \u00e9tant la sp\u00e9cialit\u00e9 de l\u2019agence.<\/p>\n<p> Devenir incontournable sur le march\u00e9 des grandes surfaces alimentaires\u00a0 <\/p>\n<p>\u00ab\u00a0L\u2019ambition avec cette nouvelle marque est d\u2019aller chercher d\u2019autres marques distributeurs \u00e0 la fois en GSA (Grandes surfaces alimentaires), o\u00f9 l\u2019on veut \u00eatre incontournable, et en GSS (Grandes surfaces sp\u00e9cialis\u00e9es)\u00a0\u00bb, d\u00e9taille Mustapha Zaouali. <\/p>\n<p>Carrefour, Intermarch\u00e9 et Coop\u00e9rative U, Leroy Merlin ou encore D\u00e9cathlon figurant parmi les cibles de l&rsquo;agence, ainsi que la r\u00e9gion lyonnaise, nouveau terrain de jeu pour conqu\u00e9rir une\u00a0<strong>client\u00e8le locale<\/strong>. Une vingtaine de salari\u00e9s se consacreront \u00e0 cette activit\u00e9 du packaging, notamment sur le site st\u00e9phanois, centre de l\u2019excellence du <strong>packaging<\/strong>.. <\/p>\n<p>Gutenberg agency, qui compte 180 salari\u00e9s en France, avait ouvert un Plan de sauvegarde de l\u2019emploi pendant l\u2019\u00e9t\u00e9 2024 \u00e0 Saint-Etienne, avec le d\u00e9part des premiers effectifs en octobre 2024, suivi des \u00e9lus en janvier 2025. Les derniers salari\u00e9s b\u00e9n\u00e9ficiant d\u2019un cong\u00e9 de reclassement partiront d\u2019ici avril 2026. Le site compte d\u00e9sormais une quarantaine de salari\u00e9s.<\/p>\n","protected":false},"excerpt":{"rendered":"\u00a9 St\u00e9phanie V\u00e9ron &#8211; Le site st\u00e9phanois de Gutenberg, centre de l&rsquo;excellence du packaging, h\u00e9berge une quarantaine de&hellip;\n","protected":false},"author":2,"featured_media":33067,"comment_status":"","ping_status":"","sticky":false,"template":"","format":"standard","meta":{"footnotes":""},"categories":[9653],"tags":[1111,11,2430,1777,674,1011,27,6908,12,11042,25,4001],"class_list":{"0":"post-33066","1":"post","2":"type-post","3":"status-publish","4":"format-standard","5":"has-post-thumbnail","7":"category-saint-etienne","8":"tag-actu","9":"tag-actualites","10":"tag-auvergne-rhone-alpes","11":"tag-eu","12":"tag-europe","13":"tag-fr","14":"tag-france","15":"tag-grande-distribution","16":"tag-news","17":"tag-packaging","18":"tag-republique-francaise","19":"tag-saint-etienne"},"share_on_mastodon":{"url":"https:\/\/pubeurope.com\/@fr\/114356831106255190","error":""},"_links":{"self":[{"href":"https:\/\/www.europesays.com\/fr\/wp-json\/wp\/v2\/posts\/33066","targetHints":{"allow":["GET"]}}],"collection":[{"href":"https:\/\/www.europesays.com\/fr\/wp-json\/wp\/v2\/posts"}],"about":[{"href":"https:\/\/www.europesays.com\/fr\/wp-json\/wp\/v2\/types\/post"}],"author":[{"embeddable":true,"href":"https:\/\/www.europesays.com\/fr\/wp-json\/wp\/v2\/users\/2"}],"replies":[{"embeddable":true,"href":"https:\/\/www.europesays.com\/fr\/wp-json\/wp\/v2\/comments?post=33066"}],"version-history":[{"count":0,"href":"https:\/\/www.europesays.com\/fr\/wp-json\/wp\/v2\/posts\/33066\/revisions"}],"wp:featuredmedia":[{"embeddable":true,"href":"https:\/\/www.europesays.com\/fr\/wp-json\/wp\/v2\/media\/33067"}],"wp:attachment":[{"href":"https:\/\/www.europesays.com\/fr\/wp-json\/wp\/v2\/media?parent=33066"}],"wp:term":[{"taxonomy":"category","embeddable":true,"href":"https:\/\/www.europesays.com\/fr\/wp-json\/wp\/v2\/categories?post=33066"},{"taxonomy":"post_tag","embeddable":true,"href":"https:\/\/www.europesays.com\/fr\/wp-json\/wp\/v2\/tags?post=33066"}],"curies":[{"name":"wp","href":"https:\/\/api.w.org\/{rel}","templated":true}]}}