{"id":330662,"date":"2025-08-20T03:01:10","date_gmt":"2025-08-20T03:01:10","guid":{"rendered":"https:\/\/www.europesays.com\/fr\/330662\/"},"modified":"2025-08-20T03:01:10","modified_gmt":"2025-08-20T03:01:10","slug":"desinformation-bons-baisers-de-russie-le-canard-enchaine","status":"publish","type":"post","link":"https:\/\/www.europesays.com\/fr\/330662\/","title":{"rendered":"D\u00e9sinformation : Bons baisers de Russie &#8211; Le Canard encha\u00een\u00e9"},"content":{"rendered":"<ol>\n<li><a href=\"https:\/\/news.google.com\/rss\/articles\/CBMiggFBVV95cUxNU3FabGxlb0pLRmc5TWhtWUJTdDlST1lvLXlfMUphamcxUmNrbVc1ZTlwcUdpTmd6elltZ3BsQVF0aFZRVnBYM3hjbVFQSDB6ZzVkanBTR1liSWVWN0RoZmFGRy1BcTBCcGo2Y1d3MFVkMnhreUNYd2NvUmtxSDlqc0JB?oc=5\" target=\"_blank\" rel=\"nofollow noopener\">D\u00e9sinformation : Bons baisers de Russie<\/a>&nbsp;&nbsp;Le Canard encha\u00een\u00e9<\/li>\n<li><a href=\"https:\/\/news.google.com\/rss\/articles\/CBMi2AFBVV95cUxQQlJ1aWZKYkkxLUlJdEJWOEJXZGVhS2s5YklQbFhCOGhXT1RLY2RXRXViQzRudWNsM3ZfT3EtU21XUGRYZTgxdm9tUTZDaF9zekNxOTJYbl9URDg3OXdvVkdHTXlOWC10eDFYdmRyc2FkZGZOS2s3X0Q0Mlp5amlVR29uZWQwcXlFd1ZaNXpYYUNTNHV0b25aVDdJdzAySDhlVVJxUWJ1c0xYUlB4R2NFWnp6by11MTd1M0pwQ3Jxd0U1djhJSy1lTUIzWU50d0dGZUdTQzFEQ3I?oc=5\" target=\"_blank\" rel=\"nofollow noopener\">Billet de Jean-Luc M\u00e9lenchon sur la guerre en Ukraine : \u00ab C\u2019est radio Poutine \u00bb, fustige Rachid Temal<\/a>&nbsp;&nbsp;Public S\u00e9nat<\/li>\n<li><a href=\"https:\/\/news.google.com\/rss\/articles\/CBMiowJBVV95cUxNOEsxdGc1MnpJY0hvWDh6X1haNXlBZk9sOFQ0M3BCLWt6X0lSOEJObnJ2NlRFUnhObFlmZXZfUzItX3lQSGZfMzI4RVRoM1pDMTltRFhkWk00cm56U0pYVEZhVFNZcm92SmY4MUZmX1NQYVFGX19FYWdEYTlmTk5kWTJ6dHBQMk1rMmhJbEdYdEhfdThaTklkT1d2V2RCcmVkWUFDalNDYkZ6WEhSVTBnMG1rV0hoSVRXdHBtVGxfUC1VRGtJSHhYQ0tGSXd5MGNyMmxBem9TQUZaTVlBVVdibTJHQl9VY3Vka1JDY1dWT2NHLXBqTHBlM3BCYXNwelV0M1lHQlpxTEVMdV9YeTNNaUxzTW5Qck9odEJ3MnJnYTZNYkU?oc=5\" target=\"_blank\" rel=\"nofollow noopener\">R\u00e9union \u00e0 Washington sur l&rsquo;Ukraine : \u00ab\u00a0Tout \u00e7a montre la faiblesse de l&rsquo;Union europ\u00e9enne, de la France\u00a0\u00bb, estime Manuel Bompard<\/a>&nbsp;&nbsp;France Info<\/li>\n<li><a href=\"https:\/\/news.google.com\/rss\/articles\/CBMi1gFBVV95cUxPM2gzS05QOFhqNFgtaG1ZNXhCOW41RDZCZ3RCZ1ktaG9VTGNsMEpSaTZtSEF3c08xaW5ZUjZWSkZXSENqemtObWJxbnpZdXdWeTA4eV9mZ0U1cW0ySVhIUXJ5TTQtUTcydDdHdEpEZE8yc083OGxDaHBFU3R0M1diT1ZGZ1lCeFZYM1R5cU42Um9BQ0tJLUlSbktOaG94QmhQSm5pd2c2c3F0NWJWWnUxay01UUVqZ2ZTRlVScEVPVmRXaVY5RndKRjhrdFNtUGZ5dFV3M3lR?oc=5\" target=\"_blank\" rel=\"nofollow noopener\">Ukraine : quand les ambigu\u00eft\u00e9s de LFI rejoignent dangereusement le discours du Kremlin<\/a>&nbsp;&nbsp;Le Point<\/li>\n<li><a href=\"https:\/\/news.google.com\/rss\/articles\/CBMikgJBVV95cUxPVDNMSVJIZWhJUnZDM0ZsRHVobmJKbFZudWQ0TXR0blpaREFzaHdjV05xVzdzbEVORGdaVWVOZk1kVHRuMHpWUVhKblFENXpycHIyUzd3Zk9na0JQTkNILV9aWWF6cWFkdlhqRGxqOFQxOS1CZmI5bGtPQmtlSXJKRjJ0WnNhYW13Vk9pU2FUQkQ1a1FuU2lHQmJTbUYyMEZNUjFYdHFCNkZmOFlxVzhTZXpDamVYSEpCMFBYdWpkcFRJYlpJakE5WWpMM0NBUGlDQWQwbGtKVU4tMzdMcExsSkE3SVBDWlRjOXB0YkJvdE0ySzZaa1NSTFhCNm8xV1VveVZYNjlPUjM2bmxIVFRyZEdR?oc=5\" target=\"_blank\" rel=\"nofollow noopener\">Rencontre Trump \u2013 Poutine : \u00ab\u00a0L\u2019Europe de la d\u00e9fense est une chim\u00e8re\u00a0\u00bb, affirme le d\u00e9put\u00e9 LFI, Aur\u00e9lien Tach\u00e9<\/a>&nbsp;&nbsp;France Info<\/li>\n<\/ol>\n","protected":false},"excerpt":{"rendered":"D\u00e9sinformation : Bons baisers de Russie&nbsp;&nbsp;Le Canard encha\u00een\u00e9 Billet de Jean-Luc M\u00e9lenchon sur la guerre en Ukraine :&hellip;\n","protected":false},"author":2,"featured_media":330663,"comment_status":"","ping_status":"","sticky":false,"template":"","format":"standard","meta":{"footnotes":""},"categories":[1591],"tags":[11,1887,12,1885,1886,132],"class_list":{"0":"post-330662","1":"post","2":"type-post","3":"status-publish","4":"format-standard","5":"has-post-thumbnail","7":"category-russie","8":"tag-actualites","9":"tag-federation-de-russie","10":"tag-news","11":"tag-russia","12":"tag-russian-federation","13":"tag-russie"},"share_on_mastodon":{"url":"https:\/\/pubeurope.com\/@fr\/115058867176230230","error":""},"_links":{"self":[{"href":"https:\/\/www.europesays.com\/fr\/wp-json\/wp\/v2\/posts\/330662","targetHints":{"allow":["GET"]}}],"collection":[{"href":"https:\/\/www.europesays.com\/fr\/wp-json\/wp\/v2\/posts"}],"about":[{"href":"https:\/\/www.europesays.com\/fr\/wp-json\/wp\/v2\/types\/post"}],"author":[{"embeddable":true,"href":"https:\/\/www.europesays.com\/fr\/wp-json\/wp\/v2\/users\/2"}],"replies":[{"embeddable":true,"href":"https:\/\/www.europesays.com\/fr\/wp-json\/wp\/v2\/comments?post=330662"}],"version-history":[{"count":0,"href":"https:\/\/www.europesays.com\/fr\/wp-json\/wp\/v2\/posts\/330662\/revisions"}],"wp:featuredmedia":[{"embeddable":true,"href":"https:\/\/www.europesays.com\/fr\/wp-json\/wp\/v2\/media\/330663"}],"wp:attachment":[{"href":"https:\/\/www.europesays.com\/fr\/wp-json\/wp\/v2\/media?parent=330662"}],"wp:term":[{"taxonomy":"category","embeddable":true,"href":"https:\/\/www.europesays.com\/fr\/wp-json\/wp\/v2\/categories?post=330662"},{"taxonomy":"post_tag","embeddable":true,"href":"https:\/\/www.europesays.com\/fr\/wp-json\/wp\/v2\/tags?post=330662"}],"curies":[{"name":"wp","href":"https:\/\/api.w.org\/{rel}","templated":true}]}}