{"id":330666,"date":"2025-08-20T03:03:11","date_gmt":"2025-08-20T03:03:11","guid":{"rendered":"https:\/\/www.europesays.com\/fr\/330666\/"},"modified":"2025-08-20T03:03:11","modified_gmt":"2025-08-20T03:03:11","slug":"apres-les-reunions-de-washington-le-debat-sur-les-garanties-de-securite-saccelere","status":"publish","type":"post","link":"https:\/\/www.europesays.com\/fr\/330666\/","title":{"rendered":"apr\u00e8s les r\u00e9unions de Washington, le d\u00e9bat sur les garanties de s\u00e9curit\u00e9 s\u2019acc\u00e9l\u00e8re"},"content":{"rendered":"<p>                         <img loading=\"lazy\" decoding=\"async\" src=\"https:\/\/www.europesays.com\/fr\/wp-content\/uploads\/2025\/08\/3c32b38_ftp-import-images-1-7pkks2xl31ek-4483de94954f4864a3d5bb083c9725e6-0-cf8bb9906d824ceb8123a578.jpeg\" alt=\"Emmanuel Macron lors d\u2019une visioconf\u00e9rence du Conseil europ\u00e9en pour discuter des \u00e9tapes concernant l\u2019Ukraine, au Fort de Br\u00e9gan\u00e7on, \u00e0 Bormes-les-Mimosas (Var), le 19\u00a0ao\u00fbt 2025.\"   width=\"664\" height=\"443\"\/>    Emmanuel Macron lors d\u2019une visioconf\u00e9rence du Conseil europ\u00e9en pour discuter des \u00e9tapes concernant l\u2019Ukraine, au Fort de Br\u00e9gan\u00e7on, \u00e0 Bormes-les-Mimosas (Var), le 19\u00a0ao\u00fbt 2025.  CHRISTOPHE SIMON\/AP                 <\/p>\n<p class=\"article__paragraph  \">Battre le fer tant qu\u2019il est chaud. Le d\u00e9bat sur les garanties de s\u00e9curit\u00e9 \u00e0 apporter \u00e0 l\u2019Ukraine en \u00e9change d\u2019un \u00e9ventuel accord de paix avec la Russie s\u2019acc\u00e9l\u00e8re, au surlendemain de la visite \u00e0 Washington des principaux dirigeants europ\u00e9ens, lundi 18\u00a0ao\u00fbt, afin de tenter d\u2019infl\u00e9chir le cours des n\u00e9gociations engag\u00e9es entre Donald Trump et Vladimir Poutine. Mardi, la question a \u00e9t\u00e9 abord\u00e9e par les trente membres de la \u00ab\u00a0coalition des volontaires\u00a0\u00bb, la plupart europ\u00e9ens, mise en place pour poursuivre le soutien \u00e0 Kiev. Mercredi, les chefs d\u2019\u00e9tat-major des 32 pays de l\u2019Organisation du trait\u00e9 de l\u2019Atlantique Nord (OTAN) doivent discuter du sujet, \u00e9galement en visioconf\u00e9rence.<\/p>\n<p>   Lire plus tard  <\/p>\n<p class=\"article__paragraph  \">Si la perspective d\u2019un cessez-le-feu para\u00eet encore lointaine, les Europ\u00e9ens sont d\u2019autant plus soucieux d\u2019acc\u00e9l\u00e9rer leurs pr\u00e9paratifs que le pr\u00e9sident am\u00e9ricain a confirm\u00e9, lundi, \u00e0 ses visiteurs continentaux, en pr\u00e9sence de Volodymyr Zelensky, son intention de contribuer \u00e0 la s\u00e9curit\u00e9 de l\u2019Ukraine, afin de d\u00e9courager toute nouvelle offensive russe. Cette ouverture est consid\u00e9r\u00e9e comme la principale, mais encore incertaine, avanc\u00e9e des discussions men\u00e9es \u00e0 la Maison Blanche, lundi. Donald Trump a assur\u00e9, sans entrer dans les d\u00e9tails, que les Etats-Unis \u00ab\u00a0seraient impliqu\u00e9s\u00a0\u00bb dans ce domaine, avant de promettre une \u00ab\u00a0tr\u00e8s bonne protection\u00a0\u00bb.<\/p>\n<p class=\"reading-mode-only \"><strong>Il vous reste 82.6% de cet article \u00e0 lire. La suite est r\u00e9serv\u00e9e aux abonn\u00e9s.<\/strong><\/p>\n","protected":false},"excerpt":{"rendered":"Emmanuel Macron lors d\u2019une visioconf\u00e9rence du Conseil europ\u00e9en pour discuter des \u00e9tapes concernant l\u2019Ukraine, au Fort de Br\u00e9gan\u00e7on,&hellip;\n","protected":false},"author":2,"featured_media":330667,"comment_status":"","ping_status":"","sticky":false,"template":"","format":"standard","meta":{"footnotes":""},"categories":[1589],"tags":[11,73,1866,12,1864,1865,1863,308],"class_list":{"0":"post-330666","1":"post","2":"type-post","3":"status-publish","4":"format-standard","5":"has-post-thumbnail","7":"category-etats-unis","8":"tag-actualites","9":"tag-etats-unis","10":"tag-etats-unis-damerique","11":"tag-news","12":"tag-united-states","13":"tag-united-states-of-america","14":"tag-us","15":"tag-usa"},"share_on_mastodon":{"url":"https:\/\/pubeurope.com\/@fr\/115058875272950258","error":""},"_links":{"self":[{"href":"https:\/\/www.europesays.com\/fr\/wp-json\/wp\/v2\/posts\/330666","targetHints":{"allow":["GET"]}}],"collection":[{"href":"https:\/\/www.europesays.com\/fr\/wp-json\/wp\/v2\/posts"}],"about":[{"href":"https:\/\/www.europesays.com\/fr\/wp-json\/wp\/v2\/types\/post"}],"author":[{"embeddable":true,"href":"https:\/\/www.europesays.com\/fr\/wp-json\/wp\/v2\/users\/2"}],"replies":[{"embeddable":true,"href":"https:\/\/www.europesays.com\/fr\/wp-json\/wp\/v2\/comments?post=330666"}],"version-history":[{"count":0,"href":"https:\/\/www.europesays.com\/fr\/wp-json\/wp\/v2\/posts\/330666\/revisions"}],"wp:featuredmedia":[{"embeddable":true,"href":"https:\/\/www.europesays.com\/fr\/wp-json\/wp\/v2\/media\/330667"}],"wp:attachment":[{"href":"https:\/\/www.europesays.com\/fr\/wp-json\/wp\/v2\/media?parent=330666"}],"wp:term":[{"taxonomy":"category","embeddable":true,"href":"https:\/\/www.europesays.com\/fr\/wp-json\/wp\/v2\/categories?post=330666"},{"taxonomy":"post_tag","embeddable":true,"href":"https:\/\/www.europesays.com\/fr\/wp-json\/wp\/v2\/tags?post=330666"}],"curies":[{"name":"wp","href":"https:\/\/api.w.org\/{rel}","templated":true}]}}