{"id":330669,"date":"2025-08-20T03:05:12","date_gmt":"2025-08-20T03:05:12","guid":{"rendered":"https:\/\/www.europesays.com\/fr\/330669\/"},"modified":"2025-08-20T03:05:12","modified_gmt":"2025-08-20T03:05:12","slug":"tour-dallemagne-a-quelle-heure-et-sur-quelle-chaine-tv-voir-les-cinq-etapes-de-la-course","status":"publish","type":"post","link":"https:\/\/www.europesays.com\/fr\/330669\/","title":{"rendered":"Tour d\u2019Allemagne : \u00e0 quelle heure et sur quelle cha\u00eene TV voir les cinq \u00e9tapes de la course ?"},"content":{"rendered":"<p class=\"paragraph text_align_left lp-f-body-02\">La plus prestigieuse course <a href=\"https:\/\/www.leparisien.fr\/sports\/cyclisme\/\" target=\"_blank\" rel=\"noreferrer nofollow noopener\">cycliste<\/a> par \u00e9tapes d\u2019Allemagne revient pour une 40e \u00e9dition. De mercredi \u00e0 dimanche, les coureurs parcourront 735 kilom\u00e8tres depuis Essen, m\u00e9tropole de la Ruhr, jusqu\u2019\u00e0 Magdebourg, capitale de la Saxe-Anhalt.<\/p>\n<p class=\"paragraph text_align_left lp-f-body-02\">Pour rappel, l\u2019\u00e9quipe Lidl-Trek avait tout d\u00e9vorer \u00e0 domicile sur la derni\u00e8re \u00e9dition, empochant les cinq victoires d\u2019\u00e9tape gr\u00e2ce \u00e0 Jonathan Milan et Mads Pedersen. Si le Danois ne sera pas de la partie pour d\u00e9fendre son titre, cette cuv\u00e9e 2025 s\u2019annonce tout de m\u00eame relev\u00e9e. <a href=\"https:\/\/www.leparisien.fr\/sports\/cyclisme\/cest-primordial-de-ne-pas-en-faire-trop-pourquoi-van-aert-ne-sera-pas-aux-prochains-mondiaux-de-cyclisme-08-08-2025-G2UMB2ZO2BB5NMVNQOKA7TSRYA.php\" target=\"_blank\" rel=\"noreferrer nofollow noopener\">Wout van Aert<\/a> participera notamment pour la premi\u00e8re fois \u00e0 l\u2019\u00e9preuve.<\/p>\n<p class=\"paragraph text_align_left lp-f-body-02\"><b>Le Tour d\u2019Allemagne masculin 2025 sera retransmis \u00e0 la t\u00e9l\u00e9vision sur La cha\u00eene L\u2019Equipe et Eurosport 1 : le mercredi 20 \u00e0 partir de 16h, le jeudi 21 \u00e0 partir de 14 heures, le vendredi 22 \u00e0 partir de 15 heures, le samedi 23 \u00e0 partir de 14 heures et le dimanche 24 \u00e0 partir de 16 heures.<\/b><\/p>\n","protected":false},"excerpt":{"rendered":"La plus prestigieuse course cycliste par \u00e9tapes d\u2019Allemagne revient pour une 40e \u00e9dition. De mercredi \u00e0 dimanche, les&hellip;\n","protected":false},"author":2,"featured_media":330670,"comment_status":"","ping_status":"","sticky":false,"template":"","format":"standard","meta":{"footnotes":""},"categories":[1587],"tags":[11,672,1804,207,1805,1803,1777,674,1801,12,1802,60],"class_list":{"0":"post-330669","1":"post","2":"type-post","3":"status-publish","4":"format-standard","5":"has-post-thumbnail","7":"category-allemagne","8":"tag-actualites","9":"tag-allemagne","10":"tag-bundesrepublik-deutschland","11":"tag-cyclisme","12":"tag-de","13":"tag-deutschland","14":"tag-eu","15":"tag-europe","16":"tag-germany","17":"tag-news","18":"tag-republique-federale-dallemagne","19":"tag-sports"},"share_on_mastodon":{"url":"https:\/\/pubeurope.com\/@fr\/115058883111684900","error":""},"_links":{"self":[{"href":"https:\/\/www.europesays.com\/fr\/wp-json\/wp\/v2\/posts\/330669","targetHints":{"allow":["GET"]}}],"collection":[{"href":"https:\/\/www.europesays.com\/fr\/wp-json\/wp\/v2\/posts"}],"about":[{"href":"https:\/\/www.europesays.com\/fr\/wp-json\/wp\/v2\/types\/post"}],"author":[{"embeddable":true,"href":"https:\/\/www.europesays.com\/fr\/wp-json\/wp\/v2\/users\/2"}],"replies":[{"embeddable":true,"href":"https:\/\/www.europesays.com\/fr\/wp-json\/wp\/v2\/comments?post=330669"}],"version-history":[{"count":0,"href":"https:\/\/www.europesays.com\/fr\/wp-json\/wp\/v2\/posts\/330669\/revisions"}],"wp:featuredmedia":[{"embeddable":true,"href":"https:\/\/www.europesays.com\/fr\/wp-json\/wp\/v2\/media\/330670"}],"wp:attachment":[{"href":"https:\/\/www.europesays.com\/fr\/wp-json\/wp\/v2\/media?parent=330669"}],"wp:term":[{"taxonomy":"category","embeddable":true,"href":"https:\/\/www.europesays.com\/fr\/wp-json\/wp\/v2\/categories?post=330669"},{"taxonomy":"post_tag","embeddable":true,"href":"https:\/\/www.europesays.com\/fr\/wp-json\/wp\/v2\/tags?post=330669"}],"curies":[{"name":"wp","href":"https:\/\/api.w.org\/{rel}","templated":true}]}}