{"id":330683,"date":"2025-08-20T03:13:14","date_gmt":"2025-08-20T03:13:14","guid":{"rendered":"https:\/\/www.europesays.com\/fr\/330683\/"},"modified":"2025-08-20T03:13:14","modified_gmt":"2025-08-20T03:13:14","slug":"un-ancien-du-club-forfait-pour-lentame-de-saison","status":"publish","type":"post","link":"https:\/\/www.europesays.com\/fr\/330683\/","title":{"rendered":"Un ancien du club forfait pour l&rsquo;entame de saison"},"content":{"rendered":"<p>\u00c0 33 ans, le centre fidjien devait incarner l\u2019un des moteurs du jeu de Mick Byrne, s\u00e9lectionneur des Fidji. Mais son indisponibilit\u00e9 rebat les cartes \u00e0 moins de deux semaines du coup d\u2019envoi du tournoi. Son absence va certainement se faire ressentir dans le groupe. Semi Radradra\u00a0se\u00a0d\u00e9finit comme un v\u00e9ritable catalyseur offensif.<\/p>\n<p>\u00a0<\/p>\n<p>Sa blessure prive non seulement les Fidji d\u2019un leader technique, mais aussi le club japonais Shizuoka BlueRevs d\u2019un joueur capable de faire basculer les rencontres. Cependant, l&rsquo;indisponibilit\u00e9 de Semi Radradra n&rsquo;a pas \u00e9t\u00e9 constat\u00e9e avec l&rsquo;\u00e9quipe de Fidji. Le joueur s&rsquo;\u00e9tait bless\u00e9 lors d&rsquo;une s\u00e9ance d&rsquo;entra\u00eenement en club.<\/p>\n<p>\u00a0<\/p>\n<p>R\u00e9organisation tactique en vue<\/p>\n<p>\u00a0<\/p>\n<p>Si cela s&rsquo;impose d\u00e9j\u00e0 \u00e0 Mick Byrne dont la s\u00e9lection entame le tournoi dans deux semaines, c&rsquo;est aussi une \u00e9quation \u00e0 r\u00e9soudre pour Shizuoka BlueRevs. L&rsquo;absence impose une r\u00e9vision strat\u00e9gique pour le staff du club japonais. Il devra ajuster ses plans pour l\u2019entame du championnat, en attendant de conna\u00eetre la dur\u00e9e exacte de l\u2019indisponibilit\u00e9 de Semi Radradra.<\/p>\n<p>\u00a0<\/p>\n<p>Pour rappel, celui-ci a \u00e9t\u00e9 pr\u00e9sent lors de la saison pr\u00e9c\u00e9dente avec le LOU. Le centre de 33 ans a disput\u00e9 22 matchs au total, dont 19 en Top 14. Avec 13 titularisations dans le championnat, Semi Radradra a marqu\u00e9 2 essais, soit 10 points pour la saison. Il n&rsquo;a rejoint l&rsquo;\u00e9quipe de Shizuoka BlueRevs cet \u00e9t\u00e9.<\/p>\n<p>Partagez cette info avec vos amis et vos proches en cliquant ici<br \/>Pour r\u00e9sumer<\/p>\n<p>Bless\u00e9 \u00e0 l&rsquo;entra\u00eenement avec le LOU, Semi Radradra manquera la Pacific Nations Cup et l&rsquo;entame du Top 14. Leader offensif des Fidji, son absence oblige Mick Byrne et le staff lyonnais \u00e0 revoir leurs plans \u00e0 deux semaines du d\u00e9but des comp\u00e9titions.<\/p>\n<p> <img decoding=\"async\" width=\"76\" height=\"76\" loading=\"lazy\" src=\"https:\/\/www.europesays.com\/fr\/wp-content\/uploads\/2025\/04\/avatar-quinze.png\" alt=\"Voldi Fr\u00e9jus\u00a0Hounvio\"\/><\/p>\n","protected":false},"excerpt":{"rendered":"\u00c0 33 ans, le centre fidjien devait incarner l\u2019un des moteurs du jeu de Mick Byrne, s\u00e9lectionneur des&hellip;\n","protected":false},"author":2,"featured_media":330684,"comment_status":"","ping_status":"","sticky":false,"template":"","format":"standard","meta":{"footnotes":""},"categories":[1416],"tags":[1011,27,479,1468,60],"class_list":{"0":"post-330683","1":"post","2":"type-post","3":"status-publish","4":"format-standard","5":"has-post-thumbnail","7":"category-rugby","8":"tag-fr","9":"tag-france","10":"tag-rugby","11":"tag-rugby-football","12":"tag-sports"},"share_on_mastodon":{"url":"https:\/\/pubeurope.com\/@fr\/115058914454635323","error":""},"_links":{"self":[{"href":"https:\/\/www.europesays.com\/fr\/wp-json\/wp\/v2\/posts\/330683","targetHints":{"allow":["GET"]}}],"collection":[{"href":"https:\/\/www.europesays.com\/fr\/wp-json\/wp\/v2\/posts"}],"about":[{"href":"https:\/\/www.europesays.com\/fr\/wp-json\/wp\/v2\/types\/post"}],"author":[{"embeddable":true,"href":"https:\/\/www.europesays.com\/fr\/wp-json\/wp\/v2\/users\/2"}],"replies":[{"embeddable":true,"href":"https:\/\/www.europesays.com\/fr\/wp-json\/wp\/v2\/comments?post=330683"}],"version-history":[{"count":0,"href":"https:\/\/www.europesays.com\/fr\/wp-json\/wp\/v2\/posts\/330683\/revisions"}],"wp:featuredmedia":[{"embeddable":true,"href":"https:\/\/www.europesays.com\/fr\/wp-json\/wp\/v2\/media\/330684"}],"wp:attachment":[{"href":"https:\/\/www.europesays.com\/fr\/wp-json\/wp\/v2\/media?parent=330683"}],"wp:term":[{"taxonomy":"category","embeddable":true,"href":"https:\/\/www.europesays.com\/fr\/wp-json\/wp\/v2\/categories?post=330683"},{"taxonomy":"post_tag","embeddable":true,"href":"https:\/\/www.europesays.com\/fr\/wp-json\/wp\/v2\/tags?post=330683"}],"curies":[{"name":"wp","href":"https:\/\/api.w.org\/{rel}","templated":true}]}}