{"id":330687,"date":"2025-08-20T03:16:20","date_gmt":"2025-08-20T03:16:20","guid":{"rendered":"https:\/\/www.europesays.com\/fr\/330687\/"},"modified":"2025-08-20T03:16:20","modified_gmt":"2025-08-20T03:16:20","slug":"diffusion-grand-prix-de-la-motogp-des-ameriques-a-quelle-heure-et-sur-quelle-chaine-voir-la-course-en-direct","status":"publish","type":"post","link":"https:\/\/www.europesays.com\/fr\/330687\/","title":{"rendered":"Diffusion Grand Prix\u2122 de la MotoGP\u2122 des Am\u00e9riques : \u00e0 quelle heure et sur quelle cha\u00eene voir la course en direct ?"},"content":{"rendered":"<p class=\"paragraph text_align_left lp-f-body-02\">Ce week-end, tous les regards seront tourn\u00e9s vers Austin, pour l\u2019une des \u00e9tapes les plus attendues de <a href=\"https:\/\/bit.ly\/4fY5sxn\" target=\"_blank\" rel=\"sponsored nofollow noopener\">la saison de MotoGP\u2122.<\/a> Ce dimanche, les \u00e9curies se retrouvent sur le circuit des Am\u00e9riques. La piste s\u2019\u00e9tend sur 5, 51 kilom\u00e8tres, et offre neuf virages \u00e0 droite et onze \u00e0 gauche. La ligne droite de 1 200 m\u00e8tres, quant \u00e0 elle, permet aux concurrents d\u2019atteindre les 350 km\/h. \u00c0 l\u2019issue des premi\u00e8res courses de la saison, Marc Marquez est en t\u00eate du classement (74 points), gr\u00e2ce \u00e0 deux victoires cons\u00e9cutives en Tha\u00eflande et en Argentine. Le pilote Ducati devance Alex Marquez (58 points) et Francesco Bagnaia (43 points). Au pied du podium, on retrouve Franco Morbidelli et le Fran\u00e7ais Johann Zarco. Son homologue Fabio Quartararo occupe la quinzi\u00e8me place du tableau, avec six points au compteur. Dans ces lignes, on vous dit \u00e0 quelle heure et sur quelle cha\u00eene regarder le Grand Prix\u2122 de la MotoGP\u2122 des Am\u00e9riques, en direct ce dimanche soir.<\/p>\n<p>Diffusion Grand Prix\u2122 de la MotoGP\u2122 des Am\u00e9riques en direct : sur quelle cha\u00eene regarder la course ?<\/p>\n<p class=\"paragraph text_align_left lp-f-body-02\"><b>Le Grand Prix\u2122 de la MotoGP\u2122 des Am\u00e9riques est diffus\u00e9 ce 30 mars, <\/b><a href=\"https:\/\/bit.ly\/4fY5sxn\" target=\"_blank\" rel=\"sponsored nofollow noopener\"><b>en direct sur la cha\u00eene CANAL+SPORT 360.<\/b><\/a> Le d\u00e9part de la course est pr\u00e9vu \u00e0 21 heures, sur le circuit des Am\u00e9riques (Austin, \u00c9tats-Unis). D\u00e8s 20 heures 17, vous retrouvez les experts de la cha\u00eene pour la pr\u00e9sentation des \u00e9curies, des enjeux et des derni\u00e8res actualit\u00e9s du championnat de la MotoGP\u2122. Les commentateurs vous plongent ensuite au c\u0153ur des paddocks, d\u00e9cryptent les performances des pilotes, analysent les r\u00e9sultats et reviennent sur les temps forts de la course.<\/p>\n<p class=\"paragraph text_align_left lp-f-body-02\"><b>D\u00e9couvrez ici <\/b><a href=\"https:\/\/bit.ly\/4fY5sxn\" target=\"_blank\" rel=\"sponsored nofollow noopener\"><b>l\u2019offre CANAL+ SPORT avec un acc\u00e8s aux cha\u00eenes CANAL+, beIN SPORTS et EUROSPORT<\/b><\/a><\/p>\n","protected":false},"excerpt":{"rendered":"Ce week-end, tous les regards seront tourn\u00e9s vers Austin, pour l\u2019une des \u00e9tapes les plus attendues de la&hellip;\n","protected":false},"author":2,"featured_media":330688,"comment_status":"","ping_status":"","sticky":false,"template":"","format":"standard","meta":{"footnotes":""},"categories":[1413],"tags":[4707,1011,27,46832,749,1457,1456,1458,60,6718],"class_list":{"0":"post-330687","1":"post","2":"type-post","3":"status-publish","4":"format-standard","5":"has-post-thumbnail","7":"category-moto","8":"tag-amerique","9":"tag-fr","10":"tag-france","11":"tag-grnad-prix","12":"tag-guide-shopping","13":"tag-moto","14":"tag-motocycle","15":"tag-motogp","16":"tag-sports","17":"tag-tv-streaming"},"share_on_mastodon":{"url":"https:\/\/pubeurope.com\/@fr\/115058926278494557","error":""},"_links":{"self":[{"href":"https:\/\/www.europesays.com\/fr\/wp-json\/wp\/v2\/posts\/330687","targetHints":{"allow":["GET"]}}],"collection":[{"href":"https:\/\/www.europesays.com\/fr\/wp-json\/wp\/v2\/posts"}],"about":[{"href":"https:\/\/www.europesays.com\/fr\/wp-json\/wp\/v2\/types\/post"}],"author":[{"embeddable":true,"href":"https:\/\/www.europesays.com\/fr\/wp-json\/wp\/v2\/users\/2"}],"replies":[{"embeddable":true,"href":"https:\/\/www.europesays.com\/fr\/wp-json\/wp\/v2\/comments?post=330687"}],"version-history":[{"count":0,"href":"https:\/\/www.europesays.com\/fr\/wp-json\/wp\/v2\/posts\/330687\/revisions"}],"wp:featuredmedia":[{"embeddable":true,"href":"https:\/\/www.europesays.com\/fr\/wp-json\/wp\/v2\/media\/330688"}],"wp:attachment":[{"href":"https:\/\/www.europesays.com\/fr\/wp-json\/wp\/v2\/media?parent=330687"}],"wp:term":[{"taxonomy":"category","embeddable":true,"href":"https:\/\/www.europesays.com\/fr\/wp-json\/wp\/v2\/categories?post=330687"},{"taxonomy":"post_tag","embeddable":true,"href":"https:\/\/www.europesays.com\/fr\/wp-json\/wp\/v2\/tags?post=330687"}],"curies":[{"name":"wp","href":"https:\/\/api.w.org\/{rel}","templated":true}]}}